{"id":11848,"date":"2024-10-10T08:41:43","date_gmt":"2024-10-10T08:41:43","guid":{"rendered":"https:\/\/ladepeche.mr\/?p=11848"},"modified":"2024-10-10T08:41:43","modified_gmt":"2024-10-10T08:41:43","slug":"deuxieme-edition-du-festival-international-du-film-de-nouakchott-communique-de-presse","status":"publish","type":"post","link":"https:\/\/ladepeche.mr\/?p=11848","title":{"rendered":"Deuxi\u00e8me \u00e9dition du \u00ab Festival International du Film de Nouakchott \u00bb\u00a0: Communiqu\u00e9 de presse"},"content":{"rendered":"<p>La deuxi\u00e8me \u00e9dition du \u00ab Festival International du Film de Nouakchott \u00bb aura lieu du 22 au 26 octobre 2024. Cette \u00e9dition a \u00e9t\u00e9 pr\u00e9c\u00e9d\u00e9e par le lancement d\u2019un volet professionnel qui a d\u00e9but\u00e9 par des ateliers de formation dans le domaine du cin\u00e9ma. Ces \u00ab Ateliers du Nord \u00bb ont profit\u00e9 \u00e0 79 jeunes issus des Wilayas de Dakhlet-Nouadhibou, Tiris Zemmour, Adrar et Inchiri.<\/p>\n<p>&nbsp;<\/p>\n<p>Chaque atelier a dur\u00e9 cinq jours, conclu par la r\u00e9alisation d&#8217;un court m\u00e9trage qui participera au concours \u00ab Films d&#8217;atelier \u00bb. Certains parmi ceux qui ont particip\u00e9 \u00e0 ces cours b\u00e9n\u00e9ficieront d&#8217;une \u00ab Master Class \u00bb encadr\u00e9e par des r\u00e9alisateurs professionnels.<\/p>\n<p>&nbsp;<\/p>\n<p>Le festival organisera plusieurs comp\u00e9titions durant cette \u00e9dition, dont la plus importante est celle concernant les films longs m\u00e9trages qui verra la participation de cinq films repr\u00e9sentant cinq pays : le Soudan avec \u00ab\u00a0Goodbye Julia\u00a0\u00bb, la Jordanie avec \u00ab\u00a0Inchallah, un gar\u00e7on\u00a0\u00bb, le Y\u00e9men avec \u00ab\u00a0Les Epuis\u00e9s\u00a0\u00bb, l\u2019Arabie Saoudite avec \u00ab\u00a0Noura\u00a0\u00bb et enfin, le Maroc avec la \u00ab\u00a0Coupe d&#8217;Amour\u00a0\u00bb.<\/p>\n<p>&nbsp;<\/p>\n<p>Le jury pour le concours du meilleur film long m\u00e9trage sera pr\u00e9sid\u00e9 par le r\u00e9alisateur tunisien, Mohamed El-Jameni, et comprendra \u00e9galement le r\u00e9alisateur suisse, Philippe Cordi et le r\u00e9alisateur \u00e9gyptien Ezzedine Saad.<\/p>\n<p>&nbsp;<\/p>\n<p>Dans la comp\u00e9tition des courts m\u00e9trages, 11 films se confronteront. Ces films proviennent de la Mauritanie, de la Syrie, de la C\u00f4te d&#8217;Ivoire, de l&#8217;\u00c9gypte, de l&#8217;Irak, du Maroc, de la Libye, de l&#8217;Alg\u00e9rie, de la Tunisie et des \u00c9mirats Arabes Unis.<\/p>\n<p>&nbsp;<\/p>\n<p>Son jury est pr\u00e9sid\u00e9 par le r\u00e9alisateur mauritanien, Mohamed Salem Dendou, qui sera \u00e9paul\u00e9 par la r\u00e9alisatrice fran\u00e7aise, Marie de Bister, et la cin\u00e9aste alg\u00e9rienne Nabila Razik.<\/p>\n<p>&nbsp;<\/p>\n<p>Cette deuxi\u00e8me \u00e9dition comprend \u00e9galement un concours des cr\u00e9ateurs de contenu. Cinq concurrents mauritaniens seront en lice. Le jury de ce concours sera pr\u00e9sid\u00e9 par la cin\u00e9aste syrienne Lemi Tayara, avec comme membres, le cin\u00e9aste espagnole M\u00e9la\u00efnine Hamana et la cin\u00e9aste \u00e9gyptienne Ezzet Al-Housseini.<\/p>\n<p>&nbsp;<\/p>\n<p>Le festival lance \u00e9galement le concours des films d&#8217;atelier, qui verra la participation de plusieurs jeunes amateurs. Seront en comp\u00e9tition dans cette cat\u00e9gorie, des films courts m\u00e9trages qui repr\u00e9sentent la m\u00e9moire de fin d&#8217;\u00e9tudes des stages qui ont \u00e9t\u00e9 dispens\u00e9s aux jeunes lors des formations dispens\u00e9es dans le cadre des \u00ab\u00a0Ateliers du Nord\u00a0\u00bb.<\/p>\n<p>&nbsp;<\/p>\n<p>Les organisateurs du festival ont choisi le r\u00e9alisateur mauritanien Ly Hamet comme pr\u00e9sident du jury pour le concours des ateliers. Il aura \u00e0 ses c\u00f4t\u00e9s, la r\u00e9alisatrice y\u00e9m\u00e9nite Rasha Hachem et la journaliste, Dawiya Khalifa de l\u2019Alg\u00e9rie.<\/p>\n<p><em>\u00a0<\/em><\/p>\n<p>En raison de la valeur artistique du festival, le nombre de films soumis via le formulaire de participation a atteint 321 films, parmi lesquels le comit\u00e9 de programmation pr\u00e9sid\u00e9 par le cin\u00e9aste Mohamed Idoumou a s\u00e9lectionn\u00e9 5 longs m\u00e9trages et 11 courts m\u00e9trages. Le festival a r\u00e9ussi \u00e0 lancer et \u00e0 conclure 4 ateliers de formations dans le Nord du pays.<\/p>\n<p>&nbsp;<\/p>\n<p>Le festival a \u00e9galement autoris\u00e9 5 inscriptions au concours des \u00ab Cr\u00e9ateurs de Contenu \u00bb permettant ainsi aux personnes int\u00e9ress\u00e9es d&#8217;assister et de b\u00e9n\u00e9ficier de 4 \u00ab\u00a0Master Class\u00a0\u00bb dans des sp\u00e9cialisations importantes et recherch\u00e9es.<\/p>\n<p>&nbsp;<\/p>\n<p>Cette ann\u00e9e, pour sa deuxi\u00e8me \u00e9dition, le festival ouvrira \u00e9galement un march\u00e9 de production au service des cin\u00e9astes, des soci\u00e9t\u00e9s de production et des diffuseurs, en offrant un environnement inspirant dans l\u2019espace dans lequel se d\u00e9rouleront les activit\u00e9s du festival.<\/p>\n<p>&nbsp;<\/p>\n<p>Ainsi\u00a0:<\/p>\n<p>&nbsp;<\/p>\n<ul>\n<li>Les soci\u00e9t\u00e9s de production exposeront leurs \u00e9quipements, pr\u00e9senteront leurs services et feront la promotion de leur marque.<\/li>\n<\/ul>\n<p>&nbsp;<\/p>\n<ul>\n<li>Ce sera aussi l\u2019occasion pour les cin\u00e9astes de communiquer avec les soci\u00e9t\u00e9s de production et les diffuseurs pour pr\u00e9senter leurs projets.<\/li>\n<\/ul>\n<p>&nbsp;<\/p>\n<ul>\n<li>Les deux parties pourront y gagner des relations, car des producteurs internationaux seront \u00e9galement attendus dans les pavillons.<\/li>\n<\/ul>\n<p>&nbsp;<\/p>\n<p>Le march\u00e9 de la production comprend \u00e9galement de nombreux programmes et activit\u00e9s visant \u00e0 former les cin\u00e9astes afin de d\u00e9velopper l&#8217;industrie cin\u00e9matographique en Mauritanie et \u00e0 accueillir un groupe d&#8217;\u00e9lite, des r\u00e9alisateurs et des experts internationaux.<\/p>\n<p>&nbsp;<\/p>\n<p>Le march\u00e9 de production est consid\u00e9r\u00e9 cette ann\u00e9e comme l&#8217;un des programmes les plus marquants du festival, car il va contribuer \u00e0 cr\u00e9er un climat de communication entre les divers acteurs pr\u00e9sents, les entreprises et les cin\u00e9astes.<\/p>\n<p>&nbsp;<\/p>\n<p>Le march\u00e9 sera ouvert durant toute la journ\u00e9e au cours du festival, depuis le premier jour jusqu\u2019\u00e0 la fin, afin que les cin\u00e9astes puissent \u00e9changer avec les entreprises et pr\u00e9senter leurs projets directement sans interm\u00e9diaire.<\/p>\n<p>&nbsp;<\/p>\n<p>La deuxi\u00e8me session du \u00ab Festival international du film de Nouakchott \u00bb est plac\u00e9e sous l&#8217;\u00e9gide de la R\u00e9gion de Nouakchott et du Minist\u00e8re de la Culture et des Arts, avec la participation de nombreuses stars internationales du cin\u00e9ma.<\/p>\n<p>&nbsp;<\/p>\n<p>Cette ann\u00e9e, les organisateurs du festival ont choisi la Palestine comme invit\u00e9 d&#8217;honneur.<\/p>\n<p>&nbsp;<\/p>\n","protected":false},"excerpt":{"rendered":"<p>La deuxi\u00e8me \u00e9dition du \u00ab Festival International du Film de Nouakchott \u00bb aura lieu du 22 au 26 octobre 2024. Cette \u00e9dition a \u00e9t\u00e9 pr\u00e9c\u00e9d\u00e9e par le lancement d\u2019un volet professionnel qui a d\u00e9but\u00e9 par des ateliers de formation dans le domaine du cin\u00e9ma. Ces \u00ab Ateliers du Nord \u00bb ont profit\u00e9 \u00e0 79 jeunes &hellip;<\/p>\n","protected":false},"author":2,"featured_media":11849,"comment_status":"open","ping_status":"open","sticky":false,"template":"","format":"standard","meta":{"footnotes":""},"categories":[18,15,19],"tags":[],"class_list":["post-11848","post","type-post","status-publish","format-standard","has-post-thumbnail","hentry","category-actualites","category-culture","category-tribune"],"_links":{"self":[{"href":"https:\/\/ladepeche.mr\/index.php?rest_route=\/wp\/v2\/posts\/11848","targetHints":{"allow":["GET"]}}],"collection":[{"href":"https:\/\/ladepeche.mr\/index.php?rest_route=\/wp\/v2\/posts"}],"about":[{"href":"https:\/\/ladepeche.mr\/index.php?rest_route=\/wp\/v2\/types\/post"}],"author":[{"embeddable":true,"href":"https:\/\/ladepeche.mr\/index.php?rest_route=\/wp\/v2\/users\/2"}],"replies":[{"embeddable":true,"href":"https:\/\/ladepeche.mr\/index.php?rest_route=%2Fwp%2Fv2%2Fcomments&post=11848"}],"version-history":[{"count":1,"href":"https:\/\/ladepeche.mr\/index.php?rest_route=\/wp\/v2\/posts\/11848\/revisions"}],"predecessor-version":[{"id":11850,"href":"https:\/\/ladepeche.mr\/index.php?rest_route=\/wp\/v2\/posts\/11848\/revisions\/11850"}],"wp:featuredmedia":[{"embeddable":true,"href":"https:\/\/ladepeche.mr\/index.php?rest_route=\/wp\/v2\/media\/11849"}],"wp:attachment":[{"href":"https:\/\/ladepeche.mr\/index.php?rest_route=%2Fwp%2Fv2%2Fmedia&parent=11848"}],"wp:term":[{"taxonomy":"category","embeddable":true,"href":"https:\/\/ladepeche.mr\/index.php?rest_route=%2Fwp%2Fv2%2Fcategories&post=11848"},{"taxonomy":"post_tag","embeddable":true,"href":"https:\/\/ladepeche.mr\/index.php?rest_route=%2Fwp%2Fv2%2Ftags&post=11848"}],"curies":[{"name":"wp","href":"https:\/\/api.w.org\/{rel}","templated":true}]}}