{"id":11857,"date":"2024-10-10T09:45:39","date_gmt":"2024-10-10T09:45:39","guid":{"rendered":"https:\/\/ladepeche.mr\/?p=11857"},"modified":"2024-10-10T08:58:26","modified_gmt":"2024-10-10T08:58:26","slug":"le-premier-ministre-recoit-la-presidente-et-les-membres-de-lobservatoire-national-de-surveillance-des-elections","status":"publish","type":"post","link":"https:\/\/ladepeche.mr\/?p=11857","title":{"rendered":"Le Premier ministre re\u00e7oit la pr\u00e9sidente et les membres de l\u2019Observatoire national de surveillance des \u00e9lections"},"content":{"rendered":"<p>Le Premier ministre, M. Mokhtar Ould Diay, a re\u00e7u, mardi apr\u00e8s-midi \u00e0 Nouakchott, la pr\u00e9sidente et les membres du conseil de l\u2019Observatoire national de surveillance des \u00e9lections.<\/p>\n<p>Au cours de la r\u00e9union, le Premier ministre a re\u00e7u un rapport d\u00e9taill\u00e9 remis par la pr\u00e9sidente de l\u2019Observatoire national d\u2019observation des \u00e9lections, Mme Diy\u00e9 Ba, comprenant un r\u00e9sum\u00e9 du travail des \u00e9quipes de l\u2019Observatoire en mati\u00e8re de suivi et d\u2019observation des \u00e9lections pr\u00e9sidentielles organis\u00e9es le 29 juin 2024.<\/p>\n<p>A l\u2019issue de la r\u00e9union, la pr\u00e9sidente de l\u2019Observatoire a fait une d\u00e9claration \u00e0 l\u2019Agence Mauritanienne d\u2019Information, remerciant le Premier ministre pour son accueil chaleureux et pr\u00e9cisant qu\u2019au cours de la r\u00e9union, un rapport complet a \u00e9t\u00e9 pr\u00e9sent\u00e9 sur le travail des \u00e9quipes de l\u2019Observatoire en mati\u00e8re de suivi et d\u2019observation des \u00e9lections.<\/p>\n<p>Elle a ajout\u00e9 que le rapport de l\u2019Observatoire comprend toutes les proc\u00e9dures de supervision, d\u2019observation, de contr\u00f4le et de suivi avant, pendant et apr\u00e8s le scrutin pr\u00e9sidentiel, soulignant dans ce contexte l\u2019esprit positif de coop\u00e9ration qui a caract\u00e9ris\u00e9 le travail de l\u2019Observatoire avec toutes les parties concern\u00e9es par le droit \u00e9lectoral, en particulier, la Commission \u00e9lectorale nationale ind\u00e9pendante, les agences gouvernementales, les organisations de la soci\u00e9t\u00e9 civile et les organismes nationaux et internationaux de surveillance des \u00e9lections.<\/p>\n<p>La r\u00e9union s\u2019est d\u00e9roul\u00e9e en pr\u00e9sence du directeur de cabinet du Premier ministre, M. Cheikh Ould Zeidane, et de la conseill\u00e8re du Premier ministre charg\u00e9e des affaires politiques, Mme Hindou Mint Ainina.<\/p>\n<p>Ami<\/p>\n","protected":false},"excerpt":{"rendered":"<p>Le Premier ministre, M. Mokhtar Ould Diay, a re\u00e7u, mardi apr\u00e8s-midi \u00e0 Nouakchott, la pr\u00e9sidente et les membres du conseil de l\u2019Observatoire national de surveillance des \u00e9lections. Au cours de la r\u00e9union, le Premier ministre a re\u00e7u un rapport d\u00e9taill\u00e9 remis par la pr\u00e9sidente de l\u2019Observatoire national d\u2019observation des \u00e9lections, Mme Diy\u00e9 Ba, comprenant un &hellip;<\/p>\n","protected":false},"author":2,"featured_media":11858,"comment_status":"open","ping_status":"open","sticky":false,"template":"","format":"standard","meta":{"footnotes":""},"categories":[18,31],"tags":[],"class_list":["post-11857","post","type-post","status-publish","format-standard","has-post-thumbnail","hentry","category-actualites","category-politique-et-reportages"],"_links":{"self":[{"href":"https:\/\/ladepeche.mr\/index.php?rest_route=\/wp\/v2\/posts\/11857","targetHints":{"allow":["GET"]}}],"collection":[{"href":"https:\/\/ladepeche.mr\/index.php?rest_route=\/wp\/v2\/posts"}],"about":[{"href":"https:\/\/ladepeche.mr\/index.php?rest_route=\/wp\/v2\/types\/post"}],"author":[{"embeddable":true,"href":"https:\/\/ladepeche.mr\/index.php?rest_route=\/wp\/v2\/users\/2"}],"replies":[{"embeddable":true,"href":"https:\/\/ladepeche.mr\/index.php?rest_route=%2Fwp%2Fv2%2Fcomments&post=11857"}],"version-history":[{"count":1,"href":"https:\/\/ladepeche.mr\/index.php?rest_route=\/wp\/v2\/posts\/11857\/revisions"}],"predecessor-version":[{"id":11859,"href":"https:\/\/ladepeche.mr\/index.php?rest_route=\/wp\/v2\/posts\/11857\/revisions\/11859"}],"wp:featuredmedia":[{"embeddable":true,"href":"https:\/\/ladepeche.mr\/index.php?rest_route=\/wp\/v2\/media\/11858"}],"wp:attachment":[{"href":"https:\/\/ladepeche.mr\/index.php?rest_route=%2Fwp%2Fv2%2Fmedia&parent=11857"}],"wp:term":[{"taxonomy":"category","embeddable":true,"href":"https:\/\/ladepeche.mr\/index.php?rest_route=%2Fwp%2Fv2%2Fcategories&post=11857"},{"taxonomy":"post_tag","embeddable":true,"href":"https:\/\/ladepeche.mr\/index.php?rest_route=%2Fwp%2Fv2%2Ftags&post=11857"}],"curies":[{"name":"wp","href":"https:\/\/api.w.org\/{rel}","templated":true}]}}