{"id":11866,"date":"2024-10-10T14:09:25","date_gmt":"2024-10-10T14:09:25","guid":{"rendered":"https:\/\/ladepeche.mr\/?p=11866"},"modified":"2024-10-10T14:09:25","modified_gmt":"2024-10-10T14:09:25","slug":"justice-le-parquet-place-ould-wedadi-en-detention","status":"publish","type":"post","link":"https:\/\/ladepeche.mr\/?p=11866","title":{"rendered":"Justice\u00a0: le parquet place Ould Wedadi en d\u00e9tention"},"content":{"rendered":"<p>Le parquet de la R\u00e9publique de Nouakchott Ouest plac\u00e9 en d\u00e9tention le blogueur Abderrahmane Ould Wedadi, accus\u00e9 de diffusion d\u2019all\u00e9gations sur les r\u00e9seaux sociaux.<\/p>\n<p>Arr\u00eat\u00e9 par la police, jeudi, le sieur Wedadi a \u00e9t\u00e9 emmen\u00e9 devant le procureur pour s\u2019expliquer sur les insinuations en relation avec \u00ab\u00a0l\u2019incapacit\u00e9 des chiens renifleurs\u00a0\u00bb de d\u00e9couvrir des \u00ab\u00a0exp\u00e9ditions importantes de drogue\u00a0\u00bb transitant selon lui par le pays.<\/p>\n<p>D\u00e9j\u00e0 entendu en septembre 2024 dans une autre affaire en rapport \u00e0 ses d\u00e9clarations relatives \u00e0 la drogue, Ould Wedadi fait l\u2019objet d\u2019une plainte en diffamation par la famille Cheikh Ayah dont il a accus\u00e9 certains membres \u00ab\u00a0d\u2019implication dans le trafic de drogue et le blanchiment d&#8217;argent\u00a0\u00bb.<\/p>\n<p>Des accusations \u00e0 l\u2019origine de l\u2019ouverture d\u2019une enqu\u00eate pr\u00e9liminaire du parquet de Nouakchott pour \u00e9clairer sur les all\u00e9gations diffus\u00e9es.<\/p>\n","protected":false},"excerpt":{"rendered":"<p>Le parquet de la R\u00e9publique de Nouakchott Ouest plac\u00e9 en d\u00e9tention le blogueur Abderrahmane Ould Wedadi, accus\u00e9 de diffusion d\u2019all\u00e9gations sur les r\u00e9seaux sociaux. Arr\u00eat\u00e9 par la police, jeudi, le sieur Wedadi a \u00e9t\u00e9 emmen\u00e9 devant le procureur pour s\u2019expliquer sur les insinuations en relation avec \u00ab\u00a0l\u2019incapacit\u00e9 des chiens renifleurs\u00a0\u00bb de d\u00e9couvrir des \u00ab\u00a0exp\u00e9ditions importantes &hellip;<\/p>\n","protected":false},"author":2,"featured_media":11867,"comment_status":"open","ping_status":"open","sticky":false,"template":"","format":"standard","meta":{"footnotes":""},"categories":[18],"tags":[],"class_list":["post-11866","post","type-post","status-publish","format-standard","has-post-thumbnail","hentry","category-actualites"],"_links":{"self":[{"href":"https:\/\/ladepeche.mr\/index.php?rest_route=\/wp\/v2\/posts\/11866","targetHints":{"allow":["GET"]}}],"collection":[{"href":"https:\/\/ladepeche.mr\/index.php?rest_route=\/wp\/v2\/posts"}],"about":[{"href":"https:\/\/ladepeche.mr\/index.php?rest_route=\/wp\/v2\/types\/post"}],"author":[{"embeddable":true,"href":"https:\/\/ladepeche.mr\/index.php?rest_route=\/wp\/v2\/users\/2"}],"replies":[{"embeddable":true,"href":"https:\/\/ladepeche.mr\/index.php?rest_route=%2Fwp%2Fv2%2Fcomments&post=11866"}],"version-history":[{"count":1,"href":"https:\/\/ladepeche.mr\/index.php?rest_route=\/wp\/v2\/posts\/11866\/revisions"}],"predecessor-version":[{"id":11868,"href":"https:\/\/ladepeche.mr\/index.php?rest_route=\/wp\/v2\/posts\/11866\/revisions\/11868"}],"wp:featuredmedia":[{"embeddable":true,"href":"https:\/\/ladepeche.mr\/index.php?rest_route=\/wp\/v2\/media\/11867"}],"wp:attachment":[{"href":"https:\/\/ladepeche.mr\/index.php?rest_route=%2Fwp%2Fv2%2Fmedia&parent=11866"}],"wp:term":[{"taxonomy":"category","embeddable":true,"href":"https:\/\/ladepeche.mr\/index.php?rest_route=%2Fwp%2Fv2%2Fcategories&post=11866"},{"taxonomy":"post_tag","embeddable":true,"href":"https:\/\/ladepeche.mr\/index.php?rest_route=%2Fwp%2Fv2%2Ftags&post=11866"}],"curies":[{"name":"wp","href":"https:\/\/api.w.org\/{rel}","templated":true}]}}