{"id":11871,"date":"2024-10-10T17:00:34","date_gmt":"2024-10-10T17:00:34","guid":{"rendered":"https:\/\/ladepeche.mr\/?p=11871"},"modified":"2024-10-10T15:44:12","modified_gmt":"2024-10-10T15:44:12","slug":"deux-casques-bleus-blesses-la-finul-accuse-larmee-israelienne-davoir-vise-son-qg-dans-le-sud-du-liban","status":"publish","type":"post","link":"https:\/\/ladepeche.mr\/?p=11871","title":{"rendered":"Deux Casques bleus bless\u00e9s: la Finul accuse l&#8217;arm\u00e9e isra\u00e9lienne d&#8217;avoir vis\u00e9 son QG dans le sud du Liban"},"content":{"rendered":"<h2 class=\"article-excerpt\" style=\"text-align: left;\">Deux Casques bleus de la force de l&#8217;ONU (Finul) d\u00e9ploy\u00e9e entre le Liban et Isra\u00ebl ont \u00e9t\u00e9 bless\u00e9s apr\u00e8s &#8220;des tirs de char isra\u00e9lien&#8221; sur leur QG dans le sud du Liban, a indiqu\u00e9 jeudi la mission de l&#8217;ONU.<\/h2>\n<div id=\"article-teaser\" data-poool-mode=\"custom\">\n<p>Deux Casques bleus de la force de l&#8217;ONU\u00a0(Finul) d\u00e9ploy\u00e9e entre le Liban et Isra\u00ebl ont \u00e9t\u00e9 bless\u00e9s apr\u00e8s\u00a0<em>&#8220;des tirs de char isra\u00e9lien&#8221;<\/em>\u00a0sur leur QG dans le sud du Liban, a indiqu\u00e9 jeudi la mission de l&#8217;ONU.<\/p>\n<p><em>&#8220;Ce matin, deux Casques bleus ont \u00e9t\u00e9 bless\u00e9s apr\u00e8s qu&#8217;un char Merkava de l&#8217;arm\u00e9e isra\u00e9lienne a tir\u00e9 sur une tour d&#8217;observation du QG de la Finul \u00e0 Ras al-Naqoura, la touchant directement et faisant tomber&#8221;<\/em>\u00a0les deux Casques bleus, a indiqu\u00e9 la mission onusienne dans un communiqu\u00e9.<\/p>\n<p>Les positions se trouvaient dans les localit\u00e9s libanaises frontali\u00e8res de Ras al-Naqoura et de Labouneh, o\u00f9 les troupes isra\u00e9liennes combattent le Hezbollah libanais.<\/p>\n<\/div>\n<div class=\"ob-smartfeed-wrapper feedIdx-0\">\n<div id=\"outbrain_widget_0\" class=\"OUTBRAIN\" data-src=\"https:\/\/www.nicematin.com\/faits-divers\/deux-casques-bleus-blesses-la-finul-accuse-l-armee-israelienne-d-avoir-vise-son-qg-dans-le-sud-du-liban-950114\" data-widget-id=\"AR_22\" data-ob-mark=\"true\" data-browser=\"chrome\" data-os=\"win32\" data-dynload=\"\" data-idx=\"0\">\n<div class=\"ob-widget ob-feed-layout AR_22\">\n<div class=\"ob-widget-header\">https:\/\/www.nicematin.com\/<\/div>\n<\/div>\n<\/div>\n<\/div>\n","protected":false},"excerpt":{"rendered":"<p>Deux Casques bleus de la force de l&#8217;ONU (Finul) d\u00e9ploy\u00e9e entre le Liban et Isra\u00ebl ont \u00e9t\u00e9 bless\u00e9s apr\u00e8s &#8220;des tirs de char isra\u00e9lien&#8221; sur leur QG dans le sud du Liban, a indiqu\u00e9 jeudi la mission de l&#8217;ONU. Deux Casques bleus de la force de l&#8217;ONU\u00a0(Finul) d\u00e9ploy\u00e9e entre le Liban et Isra\u00ebl ont \u00e9t\u00e9 &hellip;<\/p>\n","protected":false},"author":2,"featured_media":11872,"comment_status":"open","ping_status":"open","sticky":false,"template":"","format":"standard","meta":{"footnotes":""},"categories":[18,29],"tags":[],"class_list":["post-11871","post","type-post","status-publish","format-standard","has-post-thumbnail","hentry","category-actualites","category-monde"],"_links":{"self":[{"href":"https:\/\/ladepeche.mr\/index.php?rest_route=\/wp\/v2\/posts\/11871","targetHints":{"allow":["GET"]}}],"collection":[{"href":"https:\/\/ladepeche.mr\/index.php?rest_route=\/wp\/v2\/posts"}],"about":[{"href":"https:\/\/ladepeche.mr\/index.php?rest_route=\/wp\/v2\/types\/post"}],"author":[{"embeddable":true,"href":"https:\/\/ladepeche.mr\/index.php?rest_route=\/wp\/v2\/users\/2"}],"replies":[{"embeddable":true,"href":"https:\/\/ladepeche.mr\/index.php?rest_route=%2Fwp%2Fv2%2Fcomments&post=11871"}],"version-history":[{"count":2,"href":"https:\/\/ladepeche.mr\/index.php?rest_route=\/wp\/v2\/posts\/11871\/revisions"}],"predecessor-version":[{"id":11878,"href":"https:\/\/ladepeche.mr\/index.php?rest_route=\/wp\/v2\/posts\/11871\/revisions\/11878"}],"wp:featuredmedia":[{"embeddable":true,"href":"https:\/\/ladepeche.mr\/index.php?rest_route=\/wp\/v2\/media\/11872"}],"wp:attachment":[{"href":"https:\/\/ladepeche.mr\/index.php?rest_route=%2Fwp%2Fv2%2Fmedia&parent=11871"}],"wp:term":[{"taxonomy":"category","embeddable":true,"href":"https:\/\/ladepeche.mr\/index.php?rest_route=%2Fwp%2Fv2%2Fcategories&post=11871"},{"taxonomy":"post_tag","embeddable":true,"href":"https:\/\/ladepeche.mr\/index.php?rest_route=%2Fwp%2Fv2%2Ftags&post=11871"}],"curies":[{"name":"wp","href":"https:\/\/api.w.org\/{rel}","templated":true}]}}