{"id":11874,"date":"2024-10-10T16:00:11","date_gmt":"2024-10-10T16:00:11","guid":{"rendered":"https:\/\/ladepeche.mr\/?p=11874"},"modified":"2024-10-10T15:43:29","modified_gmt":"2024-10-10T15:43:29","slug":"bcm-reunion-du-conseil-prudentiel","status":"publish","type":"post","link":"https:\/\/ladepeche.mr\/?p=11874","title":{"rendered":"BCM: R\u00e9union du conseil prudentiel"},"content":{"rendered":"<p>Le conseil prudentiel de r\u00e9solution et de stabilit\u00e9 financi\u00e8re a tenu une r\u00e9union le mardi 8 Octobre au si\u00e8ge de la Banque Centrale de Mauritanie sous la pr\u00e9sidence de son excellence monsieur Mohamed-Lemine DHEHBY Gouverneur de la Banque Centrale de Mauritanie, en pr\u00e9sence de tous ses membres.<br \/>\nLe Conseil a discut\u00e9 de plusieurs dossiers importants dont notamment des dossiers concernant la Microfinance et les services de paiement et monnaie \u00e9lectronique.<\/p>\n<p>source BCM<\/p>\n","protected":false},"excerpt":{"rendered":"<p>Le conseil prudentiel de r\u00e9solution et de stabilit\u00e9 financi\u00e8re a tenu une r\u00e9union le mardi 8 Octobre au si\u00e8ge de la Banque Centrale de Mauritanie sous la pr\u00e9sidence de son excellence monsieur Mohamed-Lemine DHEHBY Gouverneur de la Banque Centrale de Mauritanie, en pr\u00e9sence de tous ses membres. Le Conseil a discut\u00e9 de plusieurs dossiers importants &hellip;<\/p>\n","protected":false},"author":2,"featured_media":11875,"comment_status":"open","ping_status":"open","sticky":false,"template":"","format":"standard","meta":{"footnotes":""},"categories":[18,2],"tags":[],"class_list":["post-11874","post","type-post","status-publish","format-standard","has-post-thumbnail","hentry","category-actualites","category-economie"],"_links":{"self":[{"href":"https:\/\/ladepeche.mr\/index.php?rest_route=\/wp\/v2\/posts\/11874","targetHints":{"allow":["GET"]}}],"collection":[{"href":"https:\/\/ladepeche.mr\/index.php?rest_route=\/wp\/v2\/posts"}],"about":[{"href":"https:\/\/ladepeche.mr\/index.php?rest_route=\/wp\/v2\/types\/post"}],"author":[{"embeddable":true,"href":"https:\/\/ladepeche.mr\/index.php?rest_route=\/wp\/v2\/users\/2"}],"replies":[{"embeddable":true,"href":"https:\/\/ladepeche.mr\/index.php?rest_route=%2Fwp%2Fv2%2Fcomments&post=11874"}],"version-history":[{"count":2,"href":"https:\/\/ladepeche.mr\/index.php?rest_route=\/wp\/v2\/posts\/11874\/revisions"}],"predecessor-version":[{"id":11877,"href":"https:\/\/ladepeche.mr\/index.php?rest_route=\/wp\/v2\/posts\/11874\/revisions\/11877"}],"wp:featuredmedia":[{"embeddable":true,"href":"https:\/\/ladepeche.mr\/index.php?rest_route=\/wp\/v2\/media\/11875"}],"wp:attachment":[{"href":"https:\/\/ladepeche.mr\/index.php?rest_route=%2Fwp%2Fv2%2Fmedia&parent=11874"}],"wp:term":[{"taxonomy":"category","embeddable":true,"href":"https:\/\/ladepeche.mr\/index.php?rest_route=%2Fwp%2Fv2%2Fcategories&post=11874"},{"taxonomy":"post_tag","embeddable":true,"href":"https:\/\/ladepeche.mr\/index.php?rest_route=%2Fwp%2Fv2%2Ftags&post=11874"}],"curies":[{"name":"wp","href":"https:\/\/api.w.org\/{rel}","templated":true}]}}