{"id":11880,"date":"2024-10-11T00:04:11","date_gmt":"2024-10-11T00:04:11","guid":{"rendered":"https:\/\/ladepeche.mr\/?p=11880"},"modified":"2024-10-11T00:04:11","modified_gmt":"2024-10-11T00:04:11","slug":"aviation-civile-en-europe-binter-designee-compagnie-aerienne-de-lannee","status":"publish","type":"post","link":"https:\/\/ladepeche.mr\/?p=11880","title":{"rendered":"Aviation civile en Europe: Binter d\u00e9sign\u00e9e Compagnie A\u00e9rienne de l&#8217;Ann\u00e9e"},"content":{"rendered":"<p>Le jury de l&#8217;ERA a soulign\u00e9, parmi d&#8217;autres m\u00e9rites, le soutien de la compagnie a\u00e9rienne aux \u00e9conomies et aux citoyens de diff\u00e9rents territoires, son fort engagement en faveur de la durabilit\u00e9 et de la technologie, ainsi que la cr\u00e9ation du Centre de Formation A\u00e9ronautique<\/p>\n<p>L&#8217;Association des Compagnies A\u00e9riennes R\u00e9gionales Europ\u00e9ennes (ERA) a annonc\u00e9 hier, lors du d\u00eener de gala organis\u00e9 \u00e0 S\u00e9ville \u00e0 l&#8217;occasion de son Assembl\u00e9e G\u00e9n\u00e9rale, l&#8217;attribution du prix &#8220;Compagnie A\u00e9rienne de l&#8217;Ann\u00e9e&#8221; \u00e0 Binter. La compagnie a\u00e9rienne canarienne a \u00e9galement re\u00e7u le &#8220;Regional Connectivity Award&#8221;, en lien avec la croissance durable r\u00e9alis\u00e9e par la compagnie, avec une attention particuli\u00e8re aux nouvelles lignes sur le corridor Canaries-Madrid.<\/p>\n<p>Il s&#8217;agit de la huiti\u00e8me fois que la compagnie a\u00e9rienne canarienne est r\u00e9compens\u00e9e par les prix d\u00e9cern\u00e9s par l&#8217;association, qui regroupe les 55 principales compagnies a\u00e9riennes r\u00e9gionales europ\u00e9ennes ainsi que 150 associ\u00e9s et affili\u00e9s repr\u00e9sentant l&#8217;ensemble du secteur a\u00e9ronautique : compagnies a\u00e9riennes, a\u00e9roports, constructeurs et prestataires de services.<\/p>\n<p>Le prix &#8220;Compagnie A\u00e9rienne de l&#8217;Ann\u00e9e&#8221; a \u00e9t\u00e9 remis au vice-pr\u00e9sident de Binter, Alfredo Morales, tandis que le prix ERA Regional Connectivity Award 2024 a \u00e9t\u00e9 re\u00e7u par David Manzanas, directeur de Binter Airlines.<\/p>\n<p>&#8220;Recevoir cette ann\u00e9e le prix le plus important de l&#8217;ERA est tr\u00e8s significatif pour Binter, car nous c\u00e9l\u00e9brons le 35e anniversaire de notre compagnie a\u00e9rienne. La s\u00e9curit\u00e9, un service de qualit\u00e9 et l&#8217;innovation constante repr\u00e9sentent nos valeurs prioritaires, et offrir \u00e0 nos clients la meilleure exp\u00e9rience de voyage est notre principal objectif. Recevoir ce prix ce soir montre que nous sommes sur la bonne voie&#8221;, a d\u00e9clar\u00e9 Alfredo Morales.<\/p>\n<p>Le directeur de Binter Airlines, David Manzanas, a re\u00e7u le prix de la connectivit\u00e9 r\u00e9gionale et a exprim\u00e9 que &#8220;ce prix repr\u00e9sente beaucoup pour nous et d\u00e9montre le travail acharn\u00e9 que nous accomplissons chaque jour pour connecter des personnes et des lieux. Nous sommes fiers d&#8217;\u00eatre la compagnie a\u00e9rienne qui relie les personnes et les communaut\u00e9s aux Canaries.&#8221;<\/p>\n<p><strong>Compagnie A\u00e9rienne de l&#8217;Ann\u00e9e<\/strong><\/p>\n<p>L&#8217;ERA (European Regions Airline Association) reconna\u00eet l&#8217;importance des op\u00e9rations r\u00e9gionales en r\u00e9compensant l&#8217;excellence avec les prix &#8220;Compagnie A\u00e9rienne de l&#8217;Ann\u00e9e&#8221;, attribu\u00e9 cette ann\u00e9e \u00e0 Binter.<\/p>\n<p>Dans sa d\u00e9cision, le jury ind\u00e9pendant a particuli\u00e8rement salu\u00e9 l&#8217;engagement important en faveur de la durabilit\u00e9, tant en ce qui concerne l&#8217;impact direct de la compagnie a\u00e9rienne que par son soutien actif \u00e0 l&#8217;am\u00e9lioration de l&#8217;environnement dans ses territoires d&#8217;origine ; l&#8217;ouverture de cinq nouvelles lignes cette ann\u00e9e, qui ont g\u00e9n\u00e9r\u00e9 une croissance significative en termes de connexions et de passagers, soutenant les \u00e9conomies et les habitants de ses territoires d&#8217;origine ; la cr\u00e9ation en 2023 du Centre de Formation A\u00e9ronautique, incubateur de professionnels de l&#8217;aviation, offrant une formation sp\u00e9cialis\u00e9e et agissant comme une agence de placement pour am\u00e9liorer l&#8217;employabilit\u00e9 dans le secteur au niveau national ; et l&#8217;accent mis sur la technologie pour d\u00e9velopper ses activit\u00e9s dans tous les domaines, afin d&#8217;am\u00e9liorer l&#8217;efficacit\u00e9, les performances environnementales, la formation et la s\u00e9curit\u00e9.<\/p>\n<p>C&#8217;est la huiti\u00e8me fois dans l&#8217;histoire que Binter est r\u00e9compens\u00e9e par l&#8217;ERA.<\/p>\n<p>&nbsp;<\/p>\n<p><strong>\u00c0 propos de l&#8217;ERA<\/strong><\/p>\n<p>L&#8217;ERA repr\u00e9sente plus de 55 compagnies a\u00e9riennes et environ 150 membres associ\u00e9s de toute l&#8217;industrie de l&#8217;aviation, y compris des a\u00e9roports, des fabricants et des prestataires de services, et est devenue une voix tr\u00e8s respect\u00e9e et \u00e9tablie dans l&#8217;industrie de l&#8217;aviation. Sa force et son influence s&#8217;\u00e9tendent sur quatre d\u00e9cennies, avec une grande exp\u00e9rience et expertise.<\/p>\n<p>L&#8217;association repr\u00e9sente les points de vue de ses membres dans de nombreux groupes et comit\u00e9s \u00e0 travers l&#8217;Europe, y compris l&#8217;Agence Europ\u00e9enne de la S\u00e9curit\u00e9 A\u00e9rienne, EUROCONTROL, la Commission Europ\u00e9enne, le Parlement Europ\u00e9en et SESAR.<\/p>\n<p>&nbsp;<\/p>\n<p><strong>\u00c0 propos de Binter<\/strong><\/p>\n<p>Binter est une compagnie a\u00e9rienne des Canaries, leader du transport a\u00e9rien dans les \u00eeles, fond\u00e9e il y a 35 ans et qui, \u00e0 ce jour, a transport\u00e9 plus de 83 millions de passagers.<\/p>\n<p>La compagnie a\u00e9rienne op\u00e8re \u00e9galement en dehors des Canaries, avec 15 lignes vers des destinations espagnoles hors de l&#8217;archipel et des liaisons directes vers d&#8217;autres march\u00e9s, \u00e0 travers un programme comprenant 13 lignes internationales en Afrique et au Portugal.<\/p>\n<p>Gr\u00e2ce \u00e0 son esprit constant de renouveau et de progr\u00e8s, en plus des prix d\u00e9cern\u00e9s par l&#8217;Association des Compagnies A\u00e9riennes R\u00e9gionales Europ\u00e9ennes (ERA), elle a \u00e9t\u00e9 reconnue en 2023 par l&#8217;OCU comme la meilleure compagnie a\u00e9rienne espagnole selon l&#8217;avis des voyageurs concernant le service, les prix et la qualit\u00e9. De plus, elle a \u00e9t\u00e9 distingu\u00e9e pendant trois ann\u00e9es cons\u00e9cutives aux Travellers&#8217; Choice Awards de TripAdvisor, le plus grand site de voyages au monde.<\/p>\n<p>La compagnie a\u00e9rienne poss\u00e8de l&#8217;une des flottes les plus modernes d&#8217;Europe, \u00e9tant la premi\u00e8re compagnie a\u00e9rienne en Europe \u00e0 exploiter l&#8217;Embraer E195-E2. Actuellement, Binter dispose de 38 appareils (28 ATR + 10 Embraer), auxquels s&#8217;ajouteront 6 nouveaux avions Embraer r\u00e9cemment acquis, portant la flotte \u00e0 un total de 44 appareils (28 ATR + 16 Embraer).<\/p>\n","protected":false},"excerpt":{"rendered":"<p>Le jury de l&#8217;ERA a soulign\u00e9, parmi d&#8217;autres m\u00e9rites, le soutien de la compagnie a\u00e9rienne aux \u00e9conomies et aux citoyens de diff\u00e9rents territoires, son fort engagement en faveur de la durabilit\u00e9 et de la technologie, ainsi que la cr\u00e9ation du Centre de Formation A\u00e9ronautique L&#8217;Association des Compagnies A\u00e9riennes R\u00e9gionales Europ\u00e9ennes (ERA) a annonc\u00e9 hier, lors &hellip;<\/p>\n","protected":false},"author":2,"featured_media":11881,"comment_status":"open","ping_status":"open","sticky":false,"template":"","format":"standard","meta":{"footnotes":""},"categories":[18,19],"tags":[],"class_list":["post-11880","post","type-post","status-publish","format-standard","has-post-thumbnail","hentry","category-actualites","category-tribune"],"_links":{"self":[{"href":"https:\/\/ladepeche.mr\/index.php?rest_route=\/wp\/v2\/posts\/11880","targetHints":{"allow":["GET"]}}],"collection":[{"href":"https:\/\/ladepeche.mr\/index.php?rest_route=\/wp\/v2\/posts"}],"about":[{"href":"https:\/\/ladepeche.mr\/index.php?rest_route=\/wp\/v2\/types\/post"}],"author":[{"embeddable":true,"href":"https:\/\/ladepeche.mr\/index.php?rest_route=\/wp\/v2\/users\/2"}],"replies":[{"embeddable":true,"href":"https:\/\/ladepeche.mr\/index.php?rest_route=%2Fwp%2Fv2%2Fcomments&post=11880"}],"version-history":[{"count":1,"href":"https:\/\/ladepeche.mr\/index.php?rest_route=\/wp\/v2\/posts\/11880\/revisions"}],"predecessor-version":[{"id":11882,"href":"https:\/\/ladepeche.mr\/index.php?rest_route=\/wp\/v2\/posts\/11880\/revisions\/11882"}],"wp:featuredmedia":[{"embeddable":true,"href":"https:\/\/ladepeche.mr\/index.php?rest_route=\/wp\/v2\/media\/11881"}],"wp:attachment":[{"href":"https:\/\/ladepeche.mr\/index.php?rest_route=%2Fwp%2Fv2%2Fmedia&parent=11880"}],"wp:term":[{"taxonomy":"category","embeddable":true,"href":"https:\/\/ladepeche.mr\/index.php?rest_route=%2Fwp%2Fv2%2Fcategories&post=11880"},{"taxonomy":"post_tag","embeddable":true,"href":"https:\/\/ladepeche.mr\/index.php?rest_route=%2Fwp%2Fv2%2Ftags&post=11880"}],"curies":[{"name":"wp","href":"https:\/\/api.w.org\/{rel}","templated":true}]}}