{"id":11888,"date":"2024-10-11T10:59:18","date_gmt":"2024-10-11T10:59:18","guid":{"rendered":"https:\/\/ladepeche.mr\/?p=11888"},"modified":"2024-10-11T10:59:18","modified_gmt":"2024-10-11T10:59:18","slug":"abderrahmane-weddady-sous-controle-judiciaire","status":"publish","type":"post","link":"https:\/\/ladepeche.mr\/?p=11888","title":{"rendered":"Abderrahmane Weddady sous contr\u00f4le judiciaire"},"content":{"rendered":"<p>Le blogueur Abderrahmane Weddady a \u00e9t\u00e9 plac\u00e9 sous contr\u00f4le judiciaire par le juge d\u2019instruction du sixi\u00e8me cabinet qui n\u2019a pas suivi le minist\u00e8re public qui avait demand\u00e9 le placement sous mandat de d\u00e9p\u00f4t du blogueur pour &#8220;atteinte \u00e0 la s\u00fbret\u00e9 de l\u2019Etat&#8221; et &#8220;diffusion de fausses nouvelles&#8221; sur les r\u00e9seaux sociaux en attente de la fin de l\u2019enqu\u00eate.<\/p>\n<p>D\u00e9f\u00e9r\u00e9, ce jeudi 10 octobre, Abderrahmane a \u00e9t\u00e9 auditionn\u00e9 par le procureur de la R\u00e9publique avant d\u2019\u00eatre envoy\u00e9 au juge du sixi\u00e8me cabinet avec la demande de placement sous mandat de d\u00e9p\u00f4t, en attendant la fin de l\u2019instruction.<\/p>\n<p>Abderrahmane est poursuivi pour des publications et d\u00e9clarations remontant au 3 octobre dernier qui ont suscit\u00e9 de larges controverses et portant &#8220;atteinte \u00e0 la r\u00e9putation et \u00e0 la s\u00fbret\u00e9 de l\u2019Etat&#8221;.<\/p>\n<p>La gendarmerie nationale avait port\u00e9 plainte contre le blogueur, suite \u00e0 des all\u00e9gations sur les chiens de la brigade canine de la gendarmerie. Il \u00e9tait d\u00e9tenu depuis quelques jours par les autorit\u00e9s.<\/p>\n<p>Taleb Bouya Ould Cheikh Ayah avait lui aussi d\u00e9pos\u00e9 une plainte contre le blogueur suite \u00e0 des insinuations sur l\u2019origine de leur fortune. Arriv\u00e9 la nuit derni\u00e8re, Taleb Bouya a \u00e9t\u00e9 interpell\u00e9 \u00e0 l&#8217;a\u00e9roport de Nouakchott.<\/p>\n<p>Convoqu\u00e9 par la commission d&#8217;enqu\u00eate, il se trouvait \u00e0 l&#8217;\u00e9tranger.<\/p>\n<p>Le Calame<\/p>\n","protected":false},"excerpt":{"rendered":"<p>Le blogueur Abderrahmane Weddady a \u00e9t\u00e9 plac\u00e9 sous contr\u00f4le judiciaire par le juge d\u2019instruction du sixi\u00e8me cabinet qui n\u2019a pas suivi le minist\u00e8re public qui avait demand\u00e9 le placement sous mandat de d\u00e9p\u00f4t du blogueur pour &#8220;atteinte \u00e0 la s\u00fbret\u00e9 de l\u2019Etat&#8221; et &#8220;diffusion de fausses nouvelles&#8221; sur les r\u00e9seaux sociaux en attente de la &hellip;<\/p>\n","protected":false},"author":2,"featured_media":11867,"comment_status":"open","ping_status":"open","sticky":false,"template":"","format":"standard","meta":{"footnotes":""},"categories":[18],"tags":[],"class_list":["post-11888","post","type-post","status-publish","format-standard","has-post-thumbnail","hentry","category-actualites"],"_links":{"self":[{"href":"https:\/\/ladepeche.mr\/index.php?rest_route=\/wp\/v2\/posts\/11888","targetHints":{"allow":["GET"]}}],"collection":[{"href":"https:\/\/ladepeche.mr\/index.php?rest_route=\/wp\/v2\/posts"}],"about":[{"href":"https:\/\/ladepeche.mr\/index.php?rest_route=\/wp\/v2\/types\/post"}],"author":[{"embeddable":true,"href":"https:\/\/ladepeche.mr\/index.php?rest_route=\/wp\/v2\/users\/2"}],"replies":[{"embeddable":true,"href":"https:\/\/ladepeche.mr\/index.php?rest_route=%2Fwp%2Fv2%2Fcomments&post=11888"}],"version-history":[{"count":1,"href":"https:\/\/ladepeche.mr\/index.php?rest_route=\/wp\/v2\/posts\/11888\/revisions"}],"predecessor-version":[{"id":11889,"href":"https:\/\/ladepeche.mr\/index.php?rest_route=\/wp\/v2\/posts\/11888\/revisions\/11889"}],"wp:featuredmedia":[{"embeddable":true,"href":"https:\/\/ladepeche.mr\/index.php?rest_route=\/wp\/v2\/media\/11867"}],"wp:attachment":[{"href":"https:\/\/ladepeche.mr\/index.php?rest_route=%2Fwp%2Fv2%2Fmedia&parent=11888"}],"wp:term":[{"taxonomy":"category","embeddable":true,"href":"https:\/\/ladepeche.mr\/index.php?rest_route=%2Fwp%2Fv2%2Fcategories&post=11888"},{"taxonomy":"post_tag","embeddable":true,"href":"https:\/\/ladepeche.mr\/index.php?rest_route=%2Fwp%2Fv2%2Ftags&post=11888"}],"curies":[{"name":"wp","href":"https:\/\/api.w.org\/{rel}","templated":true}]}}