{"id":11891,"date":"2024-10-11T11:44:50","date_gmt":"2024-10-11T11:44:50","guid":{"rendered":"https:\/\/ladepeche.mr\/?p=11891"},"modified":"2024-10-11T11:49:14","modified_gmt":"2024-10-11T11:49:14","slug":"mauritanie-banque-mondiale-etoffer-le-portefeuille-de-projets-finances-dans-le-pays","status":"publish","type":"post","link":"https:\/\/ladepeche.mr\/?p=11891","title":{"rendered":"Mauritanie-Banque mondiale\u00a0: Etoffer le portefeuille de projets financ\u00e9s dans le pays"},"content":{"rendered":"<p>La Mauritanie et la Banque Mondiale ont \u00e9voqu\u00e9 l\u2019opportunit\u00e9 d\u2019\u00e9toffer le portefeuille de projets financ\u00e9s en Mauritanie et la n\u00e9cessit\u00e9 de la c\u00e9l\u00e9rit\u00e9 dans leur mise en \u0153uvre.<\/p>\n<p>Ce sentiment partag\u00e9 autour des opportunit\u00e9s offertes a \u00e9t\u00e9 exprim\u00e9 \u00e0 l\u2019issue d\u2019une rencontre \u00e0 Abidjan, lors du sommet \u00e9conomique africain, par le ministre mauritanien de l\u2019\u00e9conomie et des finances, Sid\u2019Ahmed Ould Bouh, et notre compatriote, Ousmane Diagana, en sa qualit\u00e9 de vice-pr\u00e9sident de la Banque mondiale charg\u00e9 de l&#8217;Afrique de l&#8217;Ouest et du Centre.<\/p>\n<p>La derni\u00e8re \u00e9valuation de la valeur du portefeuille de projets financ\u00e9s par la Banque mondiale en Mauritanie d\u00e9passerait un milliard USD.<\/p>\n<p>Dans la m\u00eame dynamique, rappelle-t-on, les deux responsables ont \u00e9galement parl\u00e9 des \u00ab\u00a0pr\u00e9paratifs de la participation de notre pays aux r\u00e9unions annuelles du Groupe de la Banque mondiale et du Fonds mon\u00e9taire international, pr\u00e9vues \u00e0 la fin du mois en cours\u00a0\u00bb.<\/p>\n","protected":false},"excerpt":{"rendered":"<p>La Mauritanie et la Banque Mondiale ont \u00e9voqu\u00e9 l\u2019opportunit\u00e9 d\u2019\u00e9toffer le portefeuille de projets financ\u00e9s en Mauritanie et la n\u00e9cessit\u00e9 de la c\u00e9l\u00e9rit\u00e9 dans leur mise en \u0153uvre. Ce sentiment partag\u00e9 autour des opportunit\u00e9s offertes a \u00e9t\u00e9 exprim\u00e9 \u00e0 l\u2019issue d\u2019une rencontre \u00e0 Abidjan, lors du sommet \u00e9conomique africain, par le ministre mauritanien de l\u2019\u00e9conomie &hellip;<\/p>\n","protected":false},"author":2,"featured_media":11896,"comment_status":"open","ping_status":"open","sticky":false,"template":"","format":"standard","meta":{"footnotes":""},"categories":[18,2],"tags":[],"class_list":["post-11891","post","type-post","status-publish","format-standard","has-post-thumbnail","hentry","category-actualites","category-economie"],"_links":{"self":[{"href":"https:\/\/ladepeche.mr\/index.php?rest_route=\/wp\/v2\/posts\/11891","targetHints":{"allow":["GET"]}}],"collection":[{"href":"https:\/\/ladepeche.mr\/index.php?rest_route=\/wp\/v2\/posts"}],"about":[{"href":"https:\/\/ladepeche.mr\/index.php?rest_route=\/wp\/v2\/types\/post"}],"author":[{"embeddable":true,"href":"https:\/\/ladepeche.mr\/index.php?rest_route=\/wp\/v2\/users\/2"}],"replies":[{"embeddable":true,"href":"https:\/\/ladepeche.mr\/index.php?rest_route=%2Fwp%2Fv2%2Fcomments&post=11891"}],"version-history":[{"count":1,"href":"https:\/\/ladepeche.mr\/index.php?rest_route=\/wp\/v2\/posts\/11891\/revisions"}],"predecessor-version":[{"id":11893,"href":"https:\/\/ladepeche.mr\/index.php?rest_route=\/wp\/v2\/posts\/11891\/revisions\/11893"}],"wp:featuredmedia":[{"embeddable":true,"href":"https:\/\/ladepeche.mr\/index.php?rest_route=\/wp\/v2\/media\/11896"}],"wp:attachment":[{"href":"https:\/\/ladepeche.mr\/index.php?rest_route=%2Fwp%2Fv2%2Fmedia&parent=11891"}],"wp:term":[{"taxonomy":"category","embeddable":true,"href":"https:\/\/ladepeche.mr\/index.php?rest_route=%2Fwp%2Fv2%2Fcategories&post=11891"},{"taxonomy":"post_tag","embeddable":true,"href":"https:\/\/ladepeche.mr\/index.php?rest_route=%2Fwp%2Fv2%2Ftags&post=11891"}],"curies":[{"name":"wp","href":"https:\/\/api.w.org\/{rel}","templated":true}]}}