{"id":11898,"date":"2024-10-11T22:21:31","date_gmt":"2024-10-11T22:21:31","guid":{"rendered":"https:\/\/ladepeche.mr\/?p=11898"},"modified":"2024-10-11T22:21:31","modified_gmt":"2024-10-11T22:21:31","slug":"le-burundi-reitere-son-soutien-constant-et-inconditionnel-a-lintegrite-territoriale-et-a-la-souverainete-du-maroc-sur-lensemble-de-son-territoire","status":"publish","type":"post","link":"https:\/\/ladepeche.mr\/?p=11898","title":{"rendered":"Le Burundi r\u00e9it\u00e8re son soutien constant et inconditionnel \u00e0 l&#8217;int\u00e9grit\u00e9 territoriale et \u00e0 la souverainet\u00e9 du Maroc sur l\u2019ensemble de son territoire"},"content":{"rendered":"<p>Le ministre des Affaires \u00e9trang\u00e8res, de la Coop\u00e9ration africaine et des Marocains r\u00e9sidant \u00e0 l\u2019\u00e9tranger, M. Nasser Bourita, a re\u00e7u, jeudi \u00e0 Rabat, l\u2019Ambassadeur Albert Shingiro, ministre des Affaires \u00e9trang\u00e8res et de la Coop\u00e9ration au d\u00e9veloppement de la R\u00e9publique du Burundi.<\/p>\n<p>Sur la question du Sahara Occidental, M. Albert Shingiro a r\u00e9it\u00e9r\u00e9 la position constante de la R\u00e9publique du Burundi en faveur de l\u2019int\u00e9grit\u00e9 territoriale et de la souverainet\u00e9 du Maroc sur l\u2019ensemble de son territoire, y compris la r\u00e9gion du Sahara.<\/p>\n<p>Il a aussi r\u00e9it\u00e9r\u00e9 le soutien de la R\u00e9publique du Burundi au Plan d\u2019autonomie pr\u00e9sent\u00e9 par le Royaume du Maroc, comme la seule solution cr\u00e9dible et r\u00e9aliste pour la r\u00e9solution de ce diff\u00e9rend r\u00e9gional.<\/p>\n<p>M. Shingiro a \u00e9galement salu\u00e9 les efforts des Nations Unies en tant que cadre exclusif pour parvenir \u00e0 une solution r\u00e9aliste, pratique et durable au diff\u00e9rend autour du Sahara.<\/p>\n<p>MAP<\/p>\n","protected":false},"excerpt":{"rendered":"<p>Le ministre des Affaires \u00e9trang\u00e8res, de la Coop\u00e9ration africaine et des Marocains r\u00e9sidant \u00e0 l\u2019\u00e9tranger, M. Nasser Bourita, a re\u00e7u, jeudi \u00e0 Rabat, l\u2019Ambassadeur Albert Shingiro, ministre des Affaires \u00e9trang\u00e8res et de la Coop\u00e9ration au d\u00e9veloppement de la R\u00e9publique du Burundi. Sur la question du Sahara Occidental, M. Albert Shingiro a r\u00e9it\u00e9r\u00e9 la position constante &hellip;<\/p>\n","protected":false},"author":2,"featured_media":11899,"comment_status":"open","ping_status":"open","sticky":false,"template":"","format":"standard","meta":{"footnotes":""},"categories":[18,29],"tags":[],"class_list":["post-11898","post","type-post","status-publish","format-standard","has-post-thumbnail","hentry","category-actualites","category-monde"],"_links":{"self":[{"href":"https:\/\/ladepeche.mr\/index.php?rest_route=\/wp\/v2\/posts\/11898","targetHints":{"allow":["GET"]}}],"collection":[{"href":"https:\/\/ladepeche.mr\/index.php?rest_route=\/wp\/v2\/posts"}],"about":[{"href":"https:\/\/ladepeche.mr\/index.php?rest_route=\/wp\/v2\/types\/post"}],"author":[{"embeddable":true,"href":"https:\/\/ladepeche.mr\/index.php?rest_route=\/wp\/v2\/users\/2"}],"replies":[{"embeddable":true,"href":"https:\/\/ladepeche.mr\/index.php?rest_route=%2Fwp%2Fv2%2Fcomments&post=11898"}],"version-history":[{"count":1,"href":"https:\/\/ladepeche.mr\/index.php?rest_route=\/wp\/v2\/posts\/11898\/revisions"}],"predecessor-version":[{"id":11900,"href":"https:\/\/ladepeche.mr\/index.php?rest_route=\/wp\/v2\/posts\/11898\/revisions\/11900"}],"wp:featuredmedia":[{"embeddable":true,"href":"https:\/\/ladepeche.mr\/index.php?rest_route=\/wp\/v2\/media\/11899"}],"wp:attachment":[{"href":"https:\/\/ladepeche.mr\/index.php?rest_route=%2Fwp%2Fv2%2Fmedia&parent=11898"}],"wp:term":[{"taxonomy":"category","embeddable":true,"href":"https:\/\/ladepeche.mr\/index.php?rest_route=%2Fwp%2Fv2%2Fcategories&post=11898"},{"taxonomy":"post_tag","embeddable":true,"href":"https:\/\/ladepeche.mr\/index.php?rest_route=%2Fwp%2Fv2%2Ftags&post=11898"}],"curies":[{"name":"wp","href":"https:\/\/api.w.org\/{rel}","templated":true}]}}