{"id":11910,"date":"2024-10-11T23:30:21","date_gmt":"2024-10-11T23:30:21","guid":{"rendered":"https:\/\/ladepeche.mr\/?p=11910"},"modified":"2024-10-11T22:56:31","modified_gmt":"2024-10-11T22:56:31","slug":"la-delegation-de-haut-niveau-de-lunion-africaine-sur-la-libye-rencontre-le-president-du-conseil-presidentiel-libyen","status":"publish","type":"post","link":"https:\/\/ladepeche.mr\/?p=11910","title":{"rendered":"La D\u00e9l\u00e9gation de Haut niveau de l\u2019Union africaine sur la Libye rencontre le pr\u00e9sident du Conseil pr\u00e9sidentiel libyen"},"content":{"rendered":"<p>La D\u00e9l\u00e9gation de haut niveau de l\u2019Union africaine sur la Libye, pr\u00e9sid\u00e9e par Son Excellence Monsieur Mohamed Ould Cheikh El-Ghazzouani, Pr\u00e9sident de la R\u00e9publique et Pr\u00e9sident de l\u2019Union africaine (UA), et comprenant M. Moussa Faki Mahamat, Pr\u00e9sident de la Commission de l\u2019UA et de Jean-Claude Jacayo, Ministre des Affaires \u00e9trang\u00e8res, de la Francophonie et des Congolais de l\u2019Ext\u00e9rieur de la R\u00e9publique du Congo, Repr\u00e9sentant sp\u00e9cial de S.E. Denis Sassou Nguesso, Pr\u00e9sident de la R\u00e9publique du Congo, s\u2019est r\u00e9uni vendredi avec S.E.M. Mohamed Mounfi, Pr\u00e9sident du Conseil Pr\u00e9sidentiel libyen, en pr\u00e9sence de M. Abdallah El Lafi, adjoint du Conseil pr\u00e9sidentiel libyen, lors de la visite de la mission dans la capitale libyenne, Tripoli.<\/p>\n<p>La r\u00e9union a examin\u00e9 le dossier de la r\u00e9conciliation nationale libyenne et la n\u00e9cessit\u00e9 de la faire progresser en \u0153uvrant \u00e0 la ratification d\u2019une charte de r\u00e9conciliation nationale, dont les grandes lignes ont \u00e9t\u00e9 trac\u00e9es.<\/p>\n<p>Son Excellence le Pr\u00e9sident de la R\u00e9publique et Pr\u00e9sident de l\u2019Union africaine, M. Mohamed Ould Cheikh El Ghazwani, a d\u00e9clar\u00e9 que cette visite s\u2019inscrit dans le cadre des efforts de l\u2019Union africaine pour contribuer \u00e0 la r\u00e9conciliation nationale en Libye.<\/p>\n<p>Le Pr\u00e9sident de la R\u00e9publique a soulign\u00e9 que l\u2019objectif de cette visite n\u2019est pas de donner des le\u00e7ons au peuple libyen, qui est sage, perspicace et capable de surmonter les difficult\u00e9s, mais plut\u00f4t d\u2019exprimer sa solidarit\u00e9 avec le peuple libyen fr\u00e8re et de confirmer son engagement dans les efforts visant \u00e0 parvenir \u00e0 une r\u00e9conciliation nationale globale.<\/p>\n<p>Son Excellence a reconnu l\u2019ampleur des d\u00e9fis existants, mais a exprim\u00e9 sa grande confiance dans le peuple libyen pour les surmonter et permettre \u00e0 la Libye d\u2019occuper la place qui lui revient aux niveaux r\u00e9gional et international.<\/p>\n<p>La r\u00e9union s\u2019est d\u00e9roul\u00e9e en pr\u00e9sence de S.E. le Ministre charg\u00e9 de la Pr\u00e9sidence de la R\u00e9publique, M. Nani Ould Chrougha, de M. le ministre des Affaires \u00e9trang\u00e8res, de la Coop\u00e9ration africaine et des Mauritaniens de l\u2019Ext\u00e9rieur, M. Mohamed Salem Ould Merzoug, de l\u2019ambassadeur de notre pays \u00e0 Tripoli, M. Mohamed Ould Babana, et de l\u2019ambassadrice de notre pays \u00e0 Addis Abeba et Repr\u00e9sentante permanente aupr\u00e8s de l\u2019Union africaine, Mme Khadija Mbareck Vall.<\/p>\n<p>Ami<\/p>\n","protected":false},"excerpt":{"rendered":"<p>La D\u00e9l\u00e9gation de haut niveau de l\u2019Union africaine sur la Libye, pr\u00e9sid\u00e9e par Son Excellence Monsieur Mohamed Ould Cheikh El-Ghazzouani, Pr\u00e9sident de la R\u00e9publique et Pr\u00e9sident de l\u2019Union africaine (UA), et comprenant M. Moussa Faki Mahamat, Pr\u00e9sident de la Commission de l\u2019UA et de Jean-Claude Jacayo, Ministre des Affaires \u00e9trang\u00e8res, de la Francophonie et des &hellip;<\/p>\n","protected":false},"author":2,"featured_media":11915,"comment_status":"open","ping_status":"open","sticky":false,"template":"","format":"standard","meta":{"footnotes":""},"categories":[1],"tags":[],"class_list":["post-11910","post","type-post","status-publish","format-standard","has-post-thumbnail","hentry","category-uncategorized"],"_links":{"self":[{"href":"https:\/\/ladepeche.mr\/index.php?rest_route=\/wp\/v2\/posts\/11910","targetHints":{"allow":["GET"]}}],"collection":[{"href":"https:\/\/ladepeche.mr\/index.php?rest_route=\/wp\/v2\/posts"}],"about":[{"href":"https:\/\/ladepeche.mr\/index.php?rest_route=\/wp\/v2\/types\/post"}],"author":[{"embeddable":true,"href":"https:\/\/ladepeche.mr\/index.php?rest_route=\/wp\/v2\/users\/2"}],"replies":[{"embeddable":true,"href":"https:\/\/ladepeche.mr\/index.php?rest_route=%2Fwp%2Fv2%2Fcomments&post=11910"}],"version-history":[{"count":1,"href":"https:\/\/ladepeche.mr\/index.php?rest_route=\/wp\/v2\/posts\/11910\/revisions"}],"predecessor-version":[{"id":11912,"href":"https:\/\/ladepeche.mr\/index.php?rest_route=\/wp\/v2\/posts\/11910\/revisions\/11912"}],"wp:featuredmedia":[{"embeddable":true,"href":"https:\/\/ladepeche.mr\/index.php?rest_route=\/wp\/v2\/media\/11915"}],"wp:attachment":[{"href":"https:\/\/ladepeche.mr\/index.php?rest_route=%2Fwp%2Fv2%2Fmedia&parent=11910"}],"wp:term":[{"taxonomy":"category","embeddable":true,"href":"https:\/\/ladepeche.mr\/index.php?rest_route=%2Fwp%2Fv2%2Fcategories&post=11910"},{"taxonomy":"post_tag","embeddable":true,"href":"https:\/\/ladepeche.mr\/index.php?rest_route=%2Fwp%2Fv2%2Ftags&post=11910"}],"curies":[{"name":"wp","href":"https:\/\/api.w.org\/{rel}","templated":true}]}}