{"id":11923,"date":"2024-10-12T14:22:40","date_gmt":"2024-10-12T14:22:40","guid":{"rendered":"https:\/\/ladepeche.mr\/?p=11923"},"modified":"2024-10-12T14:22:40","modified_gmt":"2024-10-12T14:22:40","slug":"cooperation-le-delegue-de-taazour-pour-un-elargissement-du-partenariat-avec-les-organisations-et-programmes-onusiens","status":"publish","type":"post","link":"https:\/\/ladepeche.mr\/?p=11923","title":{"rendered":"Coop\u00e9ration\u00a0: Le D\u00e9l\u00e9gu\u00e9 de Taazour pour un \u00e9largissement du partenariat avec les organisations et programmes onusiens"},"content":{"rendered":"<p>Le d\u00e9l\u00e9gu\u00e9 g\u00e9n\u00e9ral \u00e0 la solidarit\u00e9 nationale et \u00e0 la lutte contre l\u2019exclusion, Cheikh Ould Beda, a r\u00e9it\u00e9r\u00e9 jeudi \u00e0 Nouakchott, la volont\u00e9 de son institution de sceller un partenariat avec l\u2019ensemble des organisations et programmes onusiens pr\u00e9sents sur le sol national.<\/p>\n<p>Cette disponibilit\u00e9 a \u00e9t\u00e9 exprim\u00e9e lors d\u2019une audience avec une mission du Haut-Commissariat des Nations Unies pour les r\u00e9fugi\u00e9s (HCR) conduite par sa repr\u00e9sentante en Mauritanie, Mme Elizabeth Eyster, en pr\u00e9sence en pr\u00e9sence du Secr\u00e9taire g\u00e9n\u00e9ral de Taazour, Sadvi Ould Sidi Mohamed.<\/p>\n<p>Mme Elizabeth Eyster aurait estim\u00e9, \u00e0 l\u2019occasion de cette rencontre avec le D\u00e9l\u00e9gu\u00e9 de Taazour, Cheikh Ould Beda, que notre un pays serait exemplaire en mati\u00e8re d\u2019ouverture et d\u2019accueil des r\u00e9fugi\u00e9s.<\/p>\n<p>Parmi ces r\u00e9fugi\u00e9s, une forte communaut\u00e9 maliennne, de pr\u00e8s de 200.000 personnes ont \u00e9lu refuge dans les camps de Mberra, et leurs environs, \u00e0 l\u2019Est du pays.<\/p>\n<p>Dans une d\u00e9claration lors d\u2019une rencontre de Haut Niveau sur le la gestion durable des crises des r\u00e9fugi\u00e9s et les d\u00e9placements des populations, fin septembre 2024, le ministre mauritanien de l\u2019\u00e9conomie et des finances, Sid Ahmed Ould Abouh, avait r\u00e9v\u00e9l\u00e9 que la Mauritanie continuait de supporter d\u2019importantes pressions financi\u00e8res pour prendre en charge ces r\u00e9fugi\u00e9s et qu\u2019elle escomptait que la Communaut\u00e9 internationale assume davantage ses responsabilit\u00e9s vis-\u00e0-vis des r\u00e9fugi\u00e9s.<\/p>\n","protected":false},"excerpt":{"rendered":"<p>Le d\u00e9l\u00e9gu\u00e9 g\u00e9n\u00e9ral \u00e0 la solidarit\u00e9 nationale et \u00e0 la lutte contre l\u2019exclusion, Cheikh Ould Beda, a r\u00e9it\u00e9r\u00e9 jeudi \u00e0 Nouakchott, la volont\u00e9 de son institution de sceller un partenariat avec l\u2019ensemble des organisations et programmes onusiens pr\u00e9sents sur le sol national. Cette disponibilit\u00e9 a \u00e9t\u00e9 exprim\u00e9e lors d\u2019une audience avec une mission du Haut-Commissariat &hellip;<\/p>\n","protected":false},"author":2,"featured_media":11924,"comment_status":"open","ping_status":"open","sticky":false,"template":"","format":"standard","meta":{"footnotes":""},"categories":[18,2],"tags":[],"class_list":["post-11923","post","type-post","status-publish","format-standard","has-post-thumbnail","hentry","category-actualites","category-economie"],"_links":{"self":[{"href":"https:\/\/ladepeche.mr\/index.php?rest_route=\/wp\/v2\/posts\/11923","targetHints":{"allow":["GET"]}}],"collection":[{"href":"https:\/\/ladepeche.mr\/index.php?rest_route=\/wp\/v2\/posts"}],"about":[{"href":"https:\/\/ladepeche.mr\/index.php?rest_route=\/wp\/v2\/types\/post"}],"author":[{"embeddable":true,"href":"https:\/\/ladepeche.mr\/index.php?rest_route=\/wp\/v2\/users\/2"}],"replies":[{"embeddable":true,"href":"https:\/\/ladepeche.mr\/index.php?rest_route=%2Fwp%2Fv2%2Fcomments&post=11923"}],"version-history":[{"count":1,"href":"https:\/\/ladepeche.mr\/index.php?rest_route=\/wp\/v2\/posts\/11923\/revisions"}],"predecessor-version":[{"id":11925,"href":"https:\/\/ladepeche.mr\/index.php?rest_route=\/wp\/v2\/posts\/11923\/revisions\/11925"}],"wp:featuredmedia":[{"embeddable":true,"href":"https:\/\/ladepeche.mr\/index.php?rest_route=\/wp\/v2\/media\/11924"}],"wp:attachment":[{"href":"https:\/\/ladepeche.mr\/index.php?rest_route=%2Fwp%2Fv2%2Fmedia&parent=11923"}],"wp:term":[{"taxonomy":"category","embeddable":true,"href":"https:\/\/ladepeche.mr\/index.php?rest_route=%2Fwp%2Fv2%2Fcategories&post=11923"},{"taxonomy":"post_tag","embeddable":true,"href":"https:\/\/ladepeche.mr\/index.php?rest_route=%2Fwp%2Fv2%2Ftags&post=11923"}],"curies":[{"name":"wp","href":"https:\/\/api.w.org\/{rel}","templated":true}]}}