{"id":11927,"date":"2024-10-14T13:53:58","date_gmt":"2024-10-14T13:53:58","guid":{"rendered":"https:\/\/ladepeche.mr\/?p=11927"},"modified":"2024-10-14T13:53:58","modified_gmt":"2024-10-14T13:53:58","slug":"le-conseil-de-la-choura-de-tawassoul-tient-sa-deuxieme-session-ordinaire-de-lannee","status":"publish","type":"post","link":"https:\/\/ladepeche.mr\/?p=11927","title":{"rendered":"Le Conseil de la Choura de Tawassoul tient sa deuxi\u00e8me session ordinaire de l\u2019ann\u00e9e"},"content":{"rendered":"<article id=\"post-256270\" class=\"post-256270 post type-post status-publish format-standard has-post-thumbnail  category-autres category-fil-dactualite category-mauritanie single-post-content has-thumbnail\">\n<div class=\"entry-content clearfix single-post-content\">\n<p>Le Conseil de la Choura du parti Rassemblement national pour la r\u00e9forme et le d\u00e9veloppement (Tawassoul) a tenu vendredi soir \u00e0 Nouakchott- Ouest sa deuxi\u00e8me session ordinaire qui durera trois jours.<\/p>\n<p>Dans une allocution prononc\u00e9e \u00e0 cette occasion, le pr\u00e9sident du parti, M. Hamadi Ould Sid El Mokhtar, a expliqu\u00e9 que la session du Conseil de la Choura du parti se tient dans des circonstances locales, r\u00e9gionales et internationales exceptionnelles. Au niveau local, pr\u00e9cise -t- il, la session se tient apr\u00e8s l\u2019organisation des \u00e9lections pr\u00e9sidentielles de juin dernier, au cours desquelles le parti a r\u00e9alis\u00e9 des r\u00e9sultats significatifs malgr\u00e9 les nombreux d\u00e9fis qui ont marqu\u00e9 le processus de candidature, notamment l\u2019annonce tardive de la d\u00e9cision de candidature et les difficult\u00e9s qui en ont r\u00e9sult\u00e9 dans la gestion des moyens mat\u00e9riels et logistiques n\u00e9cessaires \u00e0 la campagne, en plus de l\u2019absence des principaux soutiens politiques du candidat \u00e0 l\u2019ext\u00e9rieur du parti.<\/p>\n<p>Il a soulign\u00e9 que le parti restera, comme il l\u2019a toujours \u00e9t\u00e9, soucieux de l\u2019int\u00e9r\u00eat du pays, de sa stabilit\u00e9 et de sa prosp\u00e9rit\u00e9 future, en r\u00e9pondant positivement \u00e0 tous les appels \u00e0 la r\u00e9forme et aux efforts visant \u00e0 construire et \u00e0 consolider l\u2019Etat de droit et des institutions et \u00e0 d\u00e9fendre les constantes et les symboles sacr\u00e9s de la Nation.<\/p>\n<div class=\"heateorSssClear\">Ami<\/div>\n<\/div>\n<\/article>\n","protected":false},"excerpt":{"rendered":"<p>Le Conseil de la Choura du parti Rassemblement national pour la r\u00e9forme et le d\u00e9veloppement (Tawassoul) a tenu vendredi soir \u00e0 Nouakchott- Ouest sa deuxi\u00e8me session ordinaire qui durera trois jours. Dans une allocution prononc\u00e9e \u00e0 cette occasion, le pr\u00e9sident du parti, M. Hamadi Ould Sid El Mokhtar, a expliqu\u00e9 que la session du Conseil &hellip;<\/p>\n","protected":false},"author":2,"featured_media":11928,"comment_status":"open","ping_status":"open","sticky":false,"template":"","format":"standard","meta":{"footnotes":""},"categories":[18,31],"tags":[],"class_list":["post-11927","post","type-post","status-publish","format-standard","has-post-thumbnail","hentry","category-actualites","category-politique-et-reportages"],"_links":{"self":[{"href":"https:\/\/ladepeche.mr\/index.php?rest_route=\/wp\/v2\/posts\/11927","targetHints":{"allow":["GET"]}}],"collection":[{"href":"https:\/\/ladepeche.mr\/index.php?rest_route=\/wp\/v2\/posts"}],"about":[{"href":"https:\/\/ladepeche.mr\/index.php?rest_route=\/wp\/v2\/types\/post"}],"author":[{"embeddable":true,"href":"https:\/\/ladepeche.mr\/index.php?rest_route=\/wp\/v2\/users\/2"}],"replies":[{"embeddable":true,"href":"https:\/\/ladepeche.mr\/index.php?rest_route=%2Fwp%2Fv2%2Fcomments&post=11927"}],"version-history":[{"count":1,"href":"https:\/\/ladepeche.mr\/index.php?rest_route=\/wp\/v2\/posts\/11927\/revisions"}],"predecessor-version":[{"id":11929,"href":"https:\/\/ladepeche.mr\/index.php?rest_route=\/wp\/v2\/posts\/11927\/revisions\/11929"}],"wp:featuredmedia":[{"embeddable":true,"href":"https:\/\/ladepeche.mr\/index.php?rest_route=\/wp\/v2\/media\/11928"}],"wp:attachment":[{"href":"https:\/\/ladepeche.mr\/index.php?rest_route=%2Fwp%2Fv2%2Fmedia&parent=11927"}],"wp:term":[{"taxonomy":"category","embeddable":true,"href":"https:\/\/ladepeche.mr\/index.php?rest_route=%2Fwp%2Fv2%2Fcategories&post=11927"},{"taxonomy":"post_tag","embeddable":true,"href":"https:\/\/ladepeche.mr\/index.php?rest_route=%2Fwp%2Fv2%2Ftags&post=11927"}],"curies":[{"name":"wp","href":"https:\/\/api.w.org\/{rel}","templated":true}]}}