{"id":11931,"date":"2024-10-14T14:38:30","date_gmt":"2024-10-14T14:38:30","guid":{"rendered":"https:\/\/ladepeche.mr\/?p=11931"},"modified":"2024-10-14T14:38:30","modified_gmt":"2024-10-14T14:38:30","slug":"le-hezbollah-dit-avoir-cible-de-nouveaux-sites-militaires-en-israel-apres-une-attaque-meurtriere","status":"publish","type":"post","link":"https:\/\/ladepeche.mr\/?p=11931","title":{"rendered":"Le Hezbollah dit avoir cibl\u00e9 de nouveaux sites militaires en Isra\u00ebl, apr\u00e8s une attaque meurtri\u00e8re"},"content":{"rendered":"<div class=\"c-chapo \">\n<p>Le Hezbollah libanais a affirm\u00e9 lundi avoir vis\u00e9 une base navale et une caserne en Isra\u00ebl, au lendemain de l&#8217;attaque la plus meurtri\u00e8re men\u00e9e par le mouvement pro-iranien sur le sol isra\u00e9lien en pr\u00e8s d&#8217;un mois d&#8217;escalade militaire entre les deux bellig\u00e9rants.<\/p>\n<p>Apr\u00e8s des mois d&#8217;affrontements frontaliers entre Isra\u00ebl et le Hezbollah, alli\u00e9 du Hamas palestinien, l&#8217;arm\u00e9e isra\u00e9lienne a intensifi\u00e9 ses raids a\u00e9riens sur le Liban le 23 septembre puis y lanc\u00e9 des op\u00e9rations terrestres le 30.<\/p>\n<p>Le Hezbollah a annonc\u00e9 lundi matin avoir vis\u00e9 une base navale isra\u00e9lienne pr\u00e8s de Ha\u00effa, la grande ville du nord d&#8217;Isra\u00ebl, puis une caserne pr\u00e8s de Netanya, localit\u00e9 c\u00f4ti\u00e8re au nord de Tel-Aviv, l&#8217;arm\u00e9e isra\u00e9lienne disant avoir intercept\u00e9 dans le centre d&#8217;Isra\u00ebl des projectiles tir\u00e9s depuis le Liban, ainsi que deux drones venant de Syrie.<\/p>\n<p>&nbsp;<\/p>\n<article class=\"align-right media media--type-video media--view-mode-rte-large\" data-mid=\"2871625\">\n<div class=\"field field--name-field-media-video-file field--type-file field--label-visually_hidden\">Des journalistes de l&#8217;AFP ont entendu une sir\u00e8ne d&#8217;alerte et des explosions au-dessus de la base militaire touch\u00e9e dimanche soir par un drone du Hezbollah au sud de Ha\u00effa.&nbsp;<\/p>\n<h2>&#8220;Attaque douloureuse&#8221;<\/h2>\n<p>L&#8217;arm\u00e9e isra\u00e9lienne a fait \u00e9tat de quatre soldats tu\u00e9s et de sept militaires bless\u00e9s dans cette frappe sur un camp d&#8217;entra\u00eenement \u00e0 Binyamina. Le chef d&#8217;\u00e9tat-major de l&#8217;arm\u00e9e isra\u00e9lienne, Herzi Halevi, a parl\u00e9 d&#8217;une attaque &#8220;douloureuse&#8221;.<\/p>\n<p>Une source militaire a indiqu\u00e9 \u00e0 l&#8217;AFP que la frappe, qui \u00e9galement fait plus de 60 bless\u00e9s selon des secouristes, avait touch\u00e9 le r\u00e9fectoire de la base militaire.<\/p>\n<p>&#8220;L&#8217;attaque de la base fait \u00e9videmment r\u00e9fl\u00e9chir Isra\u00ebl. Les Isra\u00e9liens se rendent compte qu&#8217;ils sont encore vuln\u00e9rables, que leurs syst\u00e8mes de d\u00e9fense ne sont pas \u00e9tanches. Et qu&#8217;il leur reste une longue bataille \u00e0 mener&#8221;, estime Joost Hiltermann, directeur du programme Moyen-Orient de l&#8217;International Crisis Group.<\/p>\n<p>Le Hezbollah, qui a averti que cette attaque \u00e9tait un &#8220;avant-go\u00fbt&#8221; de ce qui attendait Isra\u00ebl si son arm\u00e9e continuait ses raids au Liban, a affirm\u00e9 lundi avoir vis\u00e9 des soldats isra\u00e9liens dans un village frontalier, et tir\u00e9 des obus sur des troupes isra\u00e9liennes qui tentaient une &#8220;infiltration&#8221; sur le sol libanais.<\/p>\n<p>Dans l&#8217;est du Liban, un chauffeur de convoi d&#8217;aide humanitaire a \u00e9t\u00e9 bless\u00e9 lundi quand son camion a \u00e9t\u00e9 atteint par le souffle d&#8217;une frappe isra\u00e9lienne, selon l&#8217;agence de presse officielle libanaise.<\/p>\n<p>Apr\u00e8s avoir affaibli le Hamas \u00e0 Gaza, Isra\u00ebl a d\u00e9plac\u00e9 le front de la guerre au Liban, disant vouloir permettre le retour dans le nord du pays de quelque 60.000 habitants, d\u00e9plac\u00e9s par les violences frontali\u00e8res.<\/p>\n<p>Plus de 1.300 personnes ont \u00e9t\u00e9 tu\u00e9es au Liban depuis le 23 septembre, selon un d\u00e9compte de l&#8217;AFP. L&#8217;ONU a recens\u00e9 pr\u00e8s de 700.000 d\u00e9plac\u00e9s depuis cette date.<\/p>\n<h2>&#8220;Pas de retrait de la Finul&#8221;<\/h2>\n<p>D\u00e9ploy\u00e9e dans le sud du Liban, la force de paix de l&#8217;ONU (Finul) a d\u00e9nonc\u00e9 des &#8220;violations choquantes&#8221; isra\u00e9liennes contre ses positions, faisant \u00e9tat notamment d&#8217;une entr\u00e9e &#8220;en force&#8221; dimanche de deux chars isra\u00e9liens dans une de ses positions.<\/p>\n<p>L&#8217;arm\u00e9e isra\u00e9lienne a dit qu&#8217;un de ses chars avait percut\u00e9 un poste de la Finul alors qu&#8217;il \u00e9vacuait des soldats bless\u00e9s.<\/p>\n<p>Le Premier ministre espagnol Pedro S\u00e1nchez, dont le pays a des Casques bleus au Liban, a assur\u00e9 lundi qu&#8217;il n&#8217;y aurait &#8220;pas de retrait&#8221; des troupes de la Finul, apr\u00e8s que son homologue isra\u00e9lien Benjamin Netanyahu a appel\u00e9 \u00e0 les mettre &#8220;\u00e0 l&#8217;abri imm\u00e9diatement&#8221;. L&#8217;UE a condamn\u00e9 des attaques &#8220;inacceptables&#8221; contre la force de l&#8217;ONU.<\/p>\n<p>La guerre au Liban et celle de Gaza, d\u00e9clench\u00e9e par l&#8217;attaque sans pr\u00e9c\u00e9dent du Hamas le 7 octobre 2023 sur le sol isra\u00e9lien, se doublent d&#8217;une escalade entre l&#8217;Iran et Isra\u00ebl, qui menace de riposter \u00e0 une attaque iranienne de missiles le 1er octobre.<\/p>\n<h2>&#8220;Totalement pr\u00eat&#8221;<\/h2>\n<p>Les Etats-Unis ont annonc\u00e9 dimanche le d\u00e9ploiement en Isra\u00ebl d&#8217;un syst\u00e8me de d\u00e9fense antimissiles \u00e0 haute altitude, en soutien \u00e0 son alli\u00e9. L&#8217;Iran s&#8217;est dit de son c\u00f4t\u00e9 &#8220;totalement pr\u00eat&#8221; \u00e0 faire face \u00e0 une guerre, affirmant en outre qu&#8217;il n&#8217;y avait &#8220;plus mati\u00e8re&#8221; aux pourparlers indirects men\u00e9s avec les Etats-Unis, en raison des tensions r\u00e9gionales.<\/p>\n<p>Lire la suite sur https:\/\/information.tv5monde.com\/international\/le-hezbollah-dit-avoir-cible-de-nouveaux-sites-militaires-en-israel-apres-une-attaque<\/p>\n<div class=\"align-right media media--type-image media--view-mode-rte-large ds-1col clearfix\">\n<div class=\"field field--name-field-media-image field--type-image field--label-hidden field__item\"><picture><source srcset=\"\/sites\/tv5-info\/files\/styles\/entete\/public\/2024-10\/field_media_image-2871622-ef6906e7e08a63b1229f1700b0001f39ef3a6250.webp?itok=5L8hMOFa 1x\" type=\"image\/webp\" media=\"all and (min-width: 801px) and (max-width: 2048px)\" \/><source srcset=\"\/sites\/tv5-info\/files\/styles\/entete\/public\/2024-10\/field_media_image-2871622-ef6906e7e08a63b1229f1700b0001f39ef3a6250.webp?itok=5L8hMOFa 1x\" type=\"image\/webp\" media=\"all and (min-width: 768px) and (max-width: 800px)\" \/><source srcset=\"\/sites\/tv5-info\/files\/styles\/entete\/public\/2024-10\/field_media_image-2871622-ef6906e7e08a63b1229f1700b0001f39ef3a6250.jpg?itok=5L8hMOFa 1x\" type=\"image\/jpeg\" media=\"all and (min-width: 801px) and (max-width: 2048px)\" \/><source srcset=\"\/sites\/tv5-info\/files\/styles\/entete\/public\/2024-10\/field_media_image-2871622-ef6906e7e08a63b1229f1700b0001f39ef3a6250.jpg?itok=5L8hMOFa 1x\" type=\"image\/jpeg\" media=\"all and (min-width: 768px) and (max-width: 800px)\" \/><\/picture><\/div>\n<\/div>\n<div class=\"align-left media media--type-image media--view-mode-rte-large ds-1col clearfix\">\n<div class=\"field field--name-field-media-image field--type-image field--label-hidden field__item\"><picture><source srcset=\"\/sites\/tv5-info\/files\/styles\/entete\/public\/2024-10\/field_media_image-2871621-39440a5d29db73ca54ae53772395de8343ee1f1d.webp?itok=EJ7TOZvy 1x\" type=\"image\/webp\" media=\"all and (min-width: 801px) and (max-width: 2048px)\" \/><source srcset=\"\/sites\/tv5-info\/files\/styles\/entete\/public\/2024-10\/field_media_image-2871621-39440a5d29db73ca54ae53772395de8343ee1f1d.webp?itok=EJ7TOZvy 1x\" type=\"image\/webp\" media=\"all and (min-width: 768px) and (max-width: 800px)\" \/><source srcset=\"\/sites\/tv5-info\/files\/styles\/entete\/public\/2024-10\/field_media_image-2871621-39440a5d29db73ca54ae53772395de8343ee1f1d.jpg?itok=EJ7TOZvy 1x\" type=\"image\/jpeg\" media=\"all and (min-width: 801px) and (max-width: 2048px)\" \/><source srcset=\"\/sites\/tv5-info\/files\/styles\/entete\/public\/2024-10\/field_media_image-2871621-39440a5d29db73ca54ae53772395de8343ee1f1d.jpg?itok=EJ7TOZvy 1x\" type=\"image\/jpeg\" media=\"all and (min-width: 768px) and (max-width: 800px)\" \/><\/picture><\/div>\n<\/div>\n<div class=\"align-right media media--type-image media--view-mode-rte-large ds-1col clearfix\">\n<div class=\"field field--name-field-media-image field--type-image field--label-hidden field__item\"><picture><source srcset=\"\/sites\/tv5-info\/files\/styles\/entete\/public\/2024-10\/field_media_image-2871620-10fd71b8a0a665157407c9f65fa6c0201d2037d5.webp?itok=7nPv38YE 1x\" type=\"image\/webp\" media=\"all and (min-width: 801px) and (max-width: 2048px)\" \/><source srcset=\"\/sites\/tv5-info\/files\/styles\/entete\/public\/2024-10\/field_media_image-2871620-10fd71b8a0a665157407c9f65fa6c0201d2037d5.webp?itok=7nPv38YE 1x\" type=\"image\/webp\" media=\"all and (min-width: 768px) and (max-width: 800px)\" \/><source srcset=\"\/sites\/tv5-info\/files\/styles\/entete\/public\/2024-10\/field_media_image-2871620-10fd71b8a0a665157407c9f65fa6c0201d2037d5.jpg?itok=7nPv38YE 1x\" type=\"image\/jpeg\" media=\"all and (min-width: 801px) and (max-width: 2048px)\" \/><source srcset=\"\/sites\/tv5-info\/files\/styles\/entete\/public\/2024-10\/field_media_image-2871620-10fd71b8a0a665157407c9f65fa6c0201d2037d5.jpg?itok=7nPv38YE 1x\" type=\"image\/jpeg\" media=\"all and (min-width: 768px) and (max-width: 800px)\" \/><\/picture><\/div>\n<\/div>\n<\/div>\n<\/article>\n<\/div>\n","protected":false},"excerpt":{"rendered":"<p>Le Hezbollah libanais a affirm\u00e9 lundi avoir vis\u00e9 une base navale et une caserne en Isra\u00ebl, au lendemain de l&#8217;attaque la plus meurtri\u00e8re men\u00e9e par le mouvement pro-iranien sur le sol isra\u00e9lien en pr\u00e8s d&#8217;un mois d&#8217;escalade militaire entre les deux bellig\u00e9rants. Apr\u00e8s des mois d&#8217;affrontements frontaliers entre Isra\u00ebl et le Hezbollah, alli\u00e9 du Hamas &hellip;<\/p>\n","protected":false},"author":2,"featured_media":11932,"comment_status":"open","ping_status":"open","sticky":false,"template":"","format":"standard","meta":{"footnotes":""},"categories":[18,29],"tags":[],"class_list":["post-11931","post","type-post","status-publish","format-standard","has-post-thumbnail","hentry","category-actualites","category-monde"],"_links":{"self":[{"href":"https:\/\/ladepeche.mr\/index.php?rest_route=\/wp\/v2\/posts\/11931","targetHints":{"allow":["GET"]}}],"collection":[{"href":"https:\/\/ladepeche.mr\/index.php?rest_route=\/wp\/v2\/posts"}],"about":[{"href":"https:\/\/ladepeche.mr\/index.php?rest_route=\/wp\/v2\/types\/post"}],"author":[{"embeddable":true,"href":"https:\/\/ladepeche.mr\/index.php?rest_route=\/wp\/v2\/users\/2"}],"replies":[{"embeddable":true,"href":"https:\/\/ladepeche.mr\/index.php?rest_route=%2Fwp%2Fv2%2Fcomments&post=11931"}],"version-history":[{"count":1,"href":"https:\/\/ladepeche.mr\/index.php?rest_route=\/wp\/v2\/posts\/11931\/revisions"}],"predecessor-version":[{"id":11933,"href":"https:\/\/ladepeche.mr\/index.php?rest_route=\/wp\/v2\/posts\/11931\/revisions\/11933"}],"wp:featuredmedia":[{"embeddable":true,"href":"https:\/\/ladepeche.mr\/index.php?rest_route=\/wp\/v2\/media\/11932"}],"wp:attachment":[{"href":"https:\/\/ladepeche.mr\/index.php?rest_route=%2Fwp%2Fv2%2Fmedia&parent=11931"}],"wp:term":[{"taxonomy":"category","embeddable":true,"href":"https:\/\/ladepeche.mr\/index.php?rest_route=%2Fwp%2Fv2%2Fcategories&post=11931"},{"taxonomy":"post_tag","embeddable":true,"href":"https:\/\/ladepeche.mr\/index.php?rest_route=%2Fwp%2Fv2%2Ftags&post=11931"}],"curies":[{"name":"wp","href":"https:\/\/api.w.org\/{rel}","templated":true}]}}