{"id":11939,"date":"2024-10-15T18:52:06","date_gmt":"2024-10-15T18:52:06","guid":{"rendered":"https:\/\/ladepeche.mr\/?p=11939"},"modified":"2024-10-15T18:52:06","modified_gmt":"2024-10-15T18:52:06","slug":"maroc-ue-josep-borrell-reaffirme-le-partenariat-strategique-entre-rabat-et-bruxelles-et-envoie-un-message-politique-fort-a-alger","status":"publish","type":"post","link":"https:\/\/ladepeche.mr\/?p=11939","title":{"rendered":"Maroc-UE : Josep Borrell  r\u00e9affirme le partenariat strat\u00e9gique entre Rabat et Bruxelles et envoie un message politique fort \u00e0 Alger"},"content":{"rendered":"<p>Le Haut repr\u00e9sentant de l&#8217;Union europ\u00e9enne pour les affaires \u00e9trang\u00e8res et la politique de s\u00e9curit\u00e9, Josep Borrell, a r\u00e9affirm\u00e9, le 14 octobre courant, \u00e0 l\u2019issue d\u2019un Conseil des ministres des Affaires \u00e9trang\u00e8res des pays de l\u2019UE, \u00ab\u00a0l\u2019immense valeur\u00a0\u00bb que ce bloc accorde au partenariat strat\u00e9gique avec le Maroc.<\/p>\n<p>Borrell, qui occupe \u00e9galement le poste de vice-pr\u00e9sident de la Commission europ\u00e9enne, a qualifi\u00e9, au nom des pays de l\u2019UE, ce partenariat strat\u00e9gique avec le Maroc \u00ab de longue port\u00e9e et longue dur\u00e9e \u00bb, tout en exprimant l\u2019attachement des 27 Etats membres au renforcement de la coop\u00e9ration entre Rabat et Bruxelles, qui connaitra, selon ses dires, des d\u00e9veloppements positifs dans les prochains mois.<\/p>\n<p>Cette prise de position collective en appui au Maroc, vient suite aux pressions que l\u2019Alg\u00e9rie a tent\u00e9 d\u2019exerc\u00e9 ces derniers jours, en convoquant les ambassadeurs \u00e0 Alger des 12 pays qui ont exprim\u00e9, \u00e0 titre national, leur appui au Maroc apr\u00e8s les arr\u00eats de la Cour europ\u00e9enne, qui ont suscit\u00e9 un grand m\u00e9contentement au sein de l\u2019UE. En effet, cette position europ\u00e9enne commune en faveur du Maroc constitue un revers majeur pour la diplomatie alg\u00e9rienne.<\/p>\n<p>Si l\u2019Alg\u00e9rie a manifest\u00e9 son agacement face \u00e0 l\u2019appui de ces 12 pays \u00e0 la position marocaine, elle doit maintenant confronter la r\u00e9solution collective des Etats membres de l\u2019UE \u00e0 consolider leur partenariat avec le Maroc. Par cette annonce, le Conseil de l\u2019UE s\u2019aligne effectivement avec la Commission europ\u00e9enne, le Service ext\u00e9rieur de l\u2019UE et ses Etats membres.<\/p>\n<p>Cette nouvelle annonce de M. Borrell confirme la d\u00e9claration qu\u2019il avait communiqu\u00e9e, le 04 octobre 2024, conjointement avec la pr\u00e9sidente de la Commission europ\u00e9enne, Ursula Von Der Leyen, et dans laquelle les deux responsables europ\u00e9ens ont soulign\u00e9 l\u2019engagement de l&#8217;UE en faveur de la pr\u00e9servation et du renforcement de ses relations \u00e9troites avec le Maroc.<\/p>\n<p>L\u2019engagement de l\u2019UE \u00e0 promouvoir ses liens strat\u00e9giques avec le Maroc d\u00e9montre clairement que cette derni\u00e8re refuse cat\u00e9goriquement les tentatives de pressions et l\u2019ing\u00e9rence exerc\u00e9e par l\u2019Alg\u00e9rie sur ses Etats membres, \u00e9tant donn\u00e9 que son partenariat avec le Royaume reste une affaire interne pour le bloc des 27.<\/p>\n<p>MAP<\/p>\n","protected":false},"excerpt":{"rendered":"<p>Le Haut repr\u00e9sentant de l&#8217;Union europ\u00e9enne pour les affaires \u00e9trang\u00e8res et la politique de s\u00e9curit\u00e9, Josep Borrell, a r\u00e9affirm\u00e9, le 14 octobre courant, \u00e0 l\u2019issue d\u2019un Conseil des ministres des Affaires \u00e9trang\u00e8res des pays de l\u2019UE, \u00ab\u00a0l\u2019immense valeur\u00a0\u00bb que ce bloc accorde au partenariat strat\u00e9gique avec le Maroc. Borrell, qui occupe \u00e9galement le poste de &hellip;<\/p>\n","protected":false},"author":2,"featured_media":11940,"comment_status":"open","ping_status":"open","sticky":false,"template":"","format":"standard","meta":{"footnotes":""},"categories":[18,29],"tags":[],"class_list":["post-11939","post","type-post","status-publish","format-standard","has-post-thumbnail","hentry","category-actualites","category-monde"],"_links":{"self":[{"href":"https:\/\/ladepeche.mr\/index.php?rest_route=\/wp\/v2\/posts\/11939","targetHints":{"allow":["GET"]}}],"collection":[{"href":"https:\/\/ladepeche.mr\/index.php?rest_route=\/wp\/v2\/posts"}],"about":[{"href":"https:\/\/ladepeche.mr\/index.php?rest_route=\/wp\/v2\/types\/post"}],"author":[{"embeddable":true,"href":"https:\/\/ladepeche.mr\/index.php?rest_route=\/wp\/v2\/users\/2"}],"replies":[{"embeddable":true,"href":"https:\/\/ladepeche.mr\/index.php?rest_route=%2Fwp%2Fv2%2Fcomments&post=11939"}],"version-history":[{"count":1,"href":"https:\/\/ladepeche.mr\/index.php?rest_route=\/wp\/v2\/posts\/11939\/revisions"}],"predecessor-version":[{"id":11941,"href":"https:\/\/ladepeche.mr\/index.php?rest_route=\/wp\/v2\/posts\/11939\/revisions\/11941"}],"wp:featuredmedia":[{"embeddable":true,"href":"https:\/\/ladepeche.mr\/index.php?rest_route=\/wp\/v2\/media\/11940"}],"wp:attachment":[{"href":"https:\/\/ladepeche.mr\/index.php?rest_route=%2Fwp%2Fv2%2Fmedia&parent=11939"}],"wp:term":[{"taxonomy":"category","embeddable":true,"href":"https:\/\/ladepeche.mr\/index.php?rest_route=%2Fwp%2Fv2%2Fcategories&post=11939"},{"taxonomy":"post_tag","embeddable":true,"href":"https:\/\/ladepeche.mr\/index.php?rest_route=%2Fwp%2Fv2%2Ftags&post=11939"}],"curies":[{"name":"wp","href":"https:\/\/api.w.org\/{rel}","templated":true}]}}