{"id":11943,"date":"2024-10-15T19:30:16","date_gmt":"2024-10-15T19:30:16","guid":{"rendered":"https:\/\/ladepeche.mr\/?p=11943"},"modified":"2024-10-15T18:56:31","modified_gmt":"2024-10-15T18:56:31","slug":"rim-ue-examen-de-la-cooperation-militaire","status":"publish","type":"post","link":"https:\/\/ladepeche.mr\/?p=11943","title":{"rendered":"RIM-UE : Examen de la coop\u00e9ration militaire"},"content":{"rendered":"<p>Le ministre de la D\u00e9fense, des Retrait\u00e9s et des Enfants des Martyrs, Hanana Ould Sidi, s\u2019est entretenu, mardi \u00e0 Nouakchott, avec le Chef de la d\u00e9l\u00e9gation de l\u2019Union europ\u00e9enne en Mauritanie, SEM. Joaqu\u00edn Tasso Vilallonga, r\u00e9cemment nomm\u00e9 en Mauritanie, de la coop\u00e9ration militaire entre les deux parties.<\/p>\n<p>L\u2019Ue avait annonc\u00e9 en mars 2024 qu\u2019elle porterait son appui militaire additionnel \u00e0 40 millions d\u2019euros au profit de la Mauritanie pour diverses actions dont le soutien au Coll\u00e8ge de D\u00e9fense de Nouakchott &amp; formation d\u2019officiers sup\u00e9rieurs de l\u2019arm\u00e9e ; le renforcement du camp militaire de N\u2019Bekeit Lahwach (Hodh Ech Chargui) et le soutien \u00e0 l\u2019\u00e9quipement d\u2019un bataillon suppl\u00e9mentaire pour la lutte contre le terrorisme et pour une meilleure s\u00e9curisation de la fronti\u00e8re avec le Mali.<\/p>\n<p>.En outre, en juillet dernier, le Conseil de l\u2019Europe a adopt\u00e9, au titre de la\u00a0facilit\u00e9 europ\u00e9enne pour la paix\u00a0(FEP),\u00a0une assistance d&#8217;un montant de 15 millions d&#8217;euros en faveur de nos forces arm\u00e9es nationales.<\/p>\n<p>&nbsp;<\/p>\n<p>La Mauritanie entretient, par ailleurs, des relations privil\u00e9gi\u00e9es \u00e0 l\u2019Ue \u00e0 travers l\u2019Otan o\u00f9 notre pays est l\u2019un des rares des pays d\u2019Afrique \u00e0 b\u00e9n\u00e9ficier du statut de partenaire.<\/p>\n<p>A noter enfin que les entretiens entre le ministre de la d\u00e9fense, Hanena Ould Sidi, et l\u2019ambassadeur de l\u2019Ue, SEM. Joaqu\u00edn Tasso Vilallonga, ont eu lieu en du colonel Ahmed Mohamed Haj Khairy, directeur de la r\u00e9habilitation et de la facilitation de l\u2019int\u00e9gration au minist\u00e8re de la D\u00e9fense.<\/p>\n","protected":false},"excerpt":{"rendered":"<p>Le ministre de la D\u00e9fense, des Retrait\u00e9s et des Enfants des Martyrs, Hanana Ould Sidi, s\u2019est entretenu, mardi \u00e0 Nouakchott, avec le Chef de la d\u00e9l\u00e9gation de l\u2019Union europ\u00e9enne en Mauritanie, SEM. Joaqu\u00edn Tasso Vilallonga, r\u00e9cemment nomm\u00e9 en Mauritanie, de la coop\u00e9ration militaire entre les deux parties. L\u2019Ue avait annonc\u00e9 en mars 2024 qu\u2019elle porterait &hellip;<\/p>\n","protected":false},"author":2,"featured_media":11944,"comment_status":"open","ping_status":"open","sticky":false,"template":"","format":"standard","meta":{"footnotes":""},"categories":[18],"tags":[],"class_list":["post-11943","post","type-post","status-publish","format-standard","has-post-thumbnail","hentry","category-actualites"],"_links":{"self":[{"href":"https:\/\/ladepeche.mr\/index.php?rest_route=\/wp\/v2\/posts\/11943","targetHints":{"allow":["GET"]}}],"collection":[{"href":"https:\/\/ladepeche.mr\/index.php?rest_route=\/wp\/v2\/posts"}],"about":[{"href":"https:\/\/ladepeche.mr\/index.php?rest_route=\/wp\/v2\/types\/post"}],"author":[{"embeddable":true,"href":"https:\/\/ladepeche.mr\/index.php?rest_route=\/wp\/v2\/users\/2"}],"replies":[{"embeddable":true,"href":"https:\/\/ladepeche.mr\/index.php?rest_route=%2Fwp%2Fv2%2Fcomments&post=11943"}],"version-history":[{"count":1,"href":"https:\/\/ladepeche.mr\/index.php?rest_route=\/wp\/v2\/posts\/11943\/revisions"}],"predecessor-version":[{"id":11945,"href":"https:\/\/ladepeche.mr\/index.php?rest_route=\/wp\/v2\/posts\/11943\/revisions\/11945"}],"wp:featuredmedia":[{"embeddable":true,"href":"https:\/\/ladepeche.mr\/index.php?rest_route=\/wp\/v2\/media\/11944"}],"wp:attachment":[{"href":"https:\/\/ladepeche.mr\/index.php?rest_route=%2Fwp%2Fv2%2Fmedia&parent=11943"}],"wp:term":[{"taxonomy":"category","embeddable":true,"href":"https:\/\/ladepeche.mr\/index.php?rest_route=%2Fwp%2Fv2%2Fcategories&post=11943"},{"taxonomy":"post_tag","embeddable":true,"href":"https:\/\/ladepeche.mr\/index.php?rest_route=%2Fwp%2Fv2%2Ftags&post=11943"}],"curies":[{"name":"wp","href":"https:\/\/api.w.org\/{rel}","templated":true}]}}