{"id":11955,"date":"2024-10-15T20:00:59","date_gmt":"2024-10-15T20:00:59","guid":{"rendered":"https:\/\/ladepeche.mr\/?p=11955"},"modified":"2024-10-15T19:44:44","modified_gmt":"2024-10-15T19:44:44","slug":"israel-a-choisi-detendre-son-agression-pour-mettre-en-oeuvre-ses-plans-preetablis-accuse-lemir-du-qatar","status":"publish","type":"post","link":"https:\/\/ladepeche.mr\/?p=11955","title":{"rendered":"Isra\u00ebl a choisi d&#8217;\u00e9tendre son agression pour mettre en \u0153uvre ses plans pr\u00e9\u00e9tablis, accuse l\u2019\u00e9mir du Qatar"},"content":{"rendered":"<h4>Tamim ben Hamad al-Thani s\u2019exprimait lors de son discours annuel d&#8217;ouverture du Conseil de la Choura qatari<\/h4>\n<p>L&#8217;\u00e9mir du Qatar, Tamim ben Hamad al-Thani, a d\u00e9clar\u00e9 mardi qu&#8217;Isra\u00ebl avait d\u00e9lib\u00e9r\u00e9ment choisi d&#8217;\u00e9tendre son agression sur la bande de Gaza pour mettre en \u0153uvre des plans pr\u00e9\u00e9tablis dans d&#8217;autres lieux tels que la Cisjordanie occup\u00e9e et le Liban.<\/p>\n<p>C&#8217;est ce qui ressort de son discours annuel d&#8217;ouverture du Conseil de la Choura dans la capitale, Doha.<\/p>\n<p>\u2018\u2019Nous avons mis en garde contre la dangereuse escalade de l&#8217;agression isra\u00e9lienne, qui s&#8217;\u00e9tend chaque jour, et contre ses cons\u00e9quences sur les pays voisins et la r\u00e9gion\u2019\u2019, a affirm\u00e9 le dirigeant qatari.<\/p>\n<p>Tamim ben Hamad al-Thani a estim\u00e9 que \u2018\u2019la solution la plus simple et la plus s\u00fbre d&#8217;arr\u00eater l&#8217;escalade \u00e0 la fronti\u00e8re avec le Liban est de mettre fin \u00e0 la guerre g\u00e9nocidaire contre Gaza\u2019\u2019.<\/p>\n<p>Il a insist\u00e9 sur l\u2019imp\u00e9ratif de mettre fin \u00e0 l&#8217;agression isra\u00e9lienne contre le Liban et \u00e0 la guerre g\u00e9nocidaire contre les Palestiniens dans la bande de Gaza.<\/p>\n<p>\u2018\u2019La destruction ne pourra pas dissuader le peuple palestinien qui revendique ses droits l\u00e9gitimes\u2019\u2019, a indiqu\u00e9 l\u2019\u00e9mir du Qatar.<\/p>\n<p>Il a r\u00e9it\u00e9r\u00e9 sa condamnation des frappes a\u00e9riennes et des op\u00e9rations militaires men\u00e9es par les forces isra\u00e9liennes au Liban, appelant \u00e0 la mise en \u0153uvre des r\u00e9solutions internationales, dont celle n\u00b0 1701 du Conseil de s\u00e9curit\u00e9 de l\u2019Onu.<\/p>\n<p>Le 11 ao\u00fbt 2006, le Conseil de s\u00e9curit\u00e9 de l&#8217;Onu a adopt\u00e9 \u00e0 l&#8217;unanimit\u00e9 de ses 15 membres la r\u00e9solution n\u00b0 1701, qui pr\u00e9voit entre autres la cessation compl\u00e8te des hostilit\u00e9s entre le Liban et Isra\u00ebl, et l\u2019\u00e9tablissement, entre la Ligne bleue (s\u00e9parant le Liban et Isra\u00ebl) et le fleuve Litani, d\u2019une zone d\u2019exclusion de tous personnels arm\u00e9s, biens et armes autres que ceux d\u00e9ploy\u00e9s dans la zone par le Gouvernement libanais et les forces de la FINUL.<\/p>\n<p>Tamim ben Hamad al-Thani a soulign\u00e9 que son pays continue de d\u00e9ployer tous les efforts pour parvenir \u00e0 un accord \u00e0 m\u00eame de mettre un terme \u00e0 cette guerre malgr\u00e9 les obstacles qui entravent la m\u00e9diation.<\/p>\n<p>\u2018\u2019Nous avons opt\u00e9 pour le dialogue et la diplomatie pr\u00e9ventive et nous soutenons les solutions politiques consensuelles et le r\u00e8glement des diff\u00e9rends par des moyens pacifiques\u2019\u2019, a fait observer l\u2019\u00e9mir du Qatar.<\/p>\n<p>aa.com.tr<\/p>\n<div class=\"row\"><\/div>\n","protected":false},"excerpt":{"rendered":"<p>Tamim ben Hamad al-Thani s\u2019exprimait lors de son discours annuel d&#8217;ouverture du Conseil de la Choura qatari L&#8217;\u00e9mir du Qatar, Tamim ben Hamad al-Thani, a d\u00e9clar\u00e9 mardi qu&#8217;Isra\u00ebl avait d\u00e9lib\u00e9r\u00e9ment choisi d&#8217;\u00e9tendre son agression sur la bande de Gaza pour mettre en \u0153uvre des plans pr\u00e9\u00e9tablis dans d&#8217;autres lieux tels que la Cisjordanie occup\u00e9e et &hellip;<\/p>\n","protected":false},"author":2,"featured_media":11956,"comment_status":"open","ping_status":"open","sticky":false,"template":"","format":"standard","meta":{"footnotes":""},"categories":[18,29],"tags":[],"class_list":["post-11955","post","type-post","status-publish","format-standard","has-post-thumbnail","hentry","category-actualites","category-monde"],"_links":{"self":[{"href":"https:\/\/ladepeche.mr\/index.php?rest_route=\/wp\/v2\/posts\/11955","targetHints":{"allow":["GET"]}}],"collection":[{"href":"https:\/\/ladepeche.mr\/index.php?rest_route=\/wp\/v2\/posts"}],"about":[{"href":"https:\/\/ladepeche.mr\/index.php?rest_route=\/wp\/v2\/types\/post"}],"author":[{"embeddable":true,"href":"https:\/\/ladepeche.mr\/index.php?rest_route=\/wp\/v2\/users\/2"}],"replies":[{"embeddable":true,"href":"https:\/\/ladepeche.mr\/index.php?rest_route=%2Fwp%2Fv2%2Fcomments&post=11955"}],"version-history":[{"count":1,"href":"https:\/\/ladepeche.mr\/index.php?rest_route=\/wp\/v2\/posts\/11955\/revisions"}],"predecessor-version":[{"id":11957,"href":"https:\/\/ladepeche.mr\/index.php?rest_route=\/wp\/v2\/posts\/11955\/revisions\/11957"}],"wp:featuredmedia":[{"embeddable":true,"href":"https:\/\/ladepeche.mr\/index.php?rest_route=\/wp\/v2\/media\/11956"}],"wp:attachment":[{"href":"https:\/\/ladepeche.mr\/index.php?rest_route=%2Fwp%2Fv2%2Fmedia&parent=11955"}],"wp:term":[{"taxonomy":"category","embeddable":true,"href":"https:\/\/ladepeche.mr\/index.php?rest_route=%2Fwp%2Fv2%2Fcategories&post=11955"},{"taxonomy":"post_tag","embeddable":true,"href":"https:\/\/ladepeche.mr\/index.php?rest_route=%2Fwp%2Fv2%2Ftags&post=11955"}],"curies":[{"name":"wp","href":"https:\/\/api.w.org\/{rel}","templated":true}]}}