{"id":11969,"date":"2024-10-15T23:00:41","date_gmt":"2024-10-15T23:00:41","guid":{"rendered":"https:\/\/ladepeche.mr\/?p=11969"},"modified":"2024-10-15T21:26:52","modified_gmt":"2024-10-15T21:26:52","slug":"le-president-de-la-republique-president-de-lunion-africaine-recoit-une-delegation-militaire-algerienne-de-haut-niveau","status":"publish","type":"post","link":"https:\/\/ladepeche.mr\/?p=11969","title":{"rendered":"Le pr\u00e9sident de la R\u00e9publique, pr\u00e9sident de l\u2019Union africaine, re\u00e7oit une d\u00e9l\u00e9gation militaire alg\u00e9rienne de haut niveau"},"content":{"rendered":"<p>S.E. le Pr\u00e9sident de la R\u00e9publique et Pr\u00e9sident de l\u2019Union africaine, M. Mohamed Ould Cheikh El-Ghazouani, a re\u00e7u, mardi apr\u00e8s-midi, au Palais pr\u00e9sidentiel \u00e0 Nouakchott, une d\u00e9l\u00e9gation militaire alg\u00e9rienne de haut niveau, conduite par le chef d\u2019\u00e9tat-major de l\u2019arm\u00e9e nationale populaire alg\u00e9rienne, le g\u00e9n\u00e9ral d\u2019arm\u00e9e Sa\u00efd Chanegriha.<\/p>\n<p>\u00ab Lors du premier jour de sa visite officielle en R\u00e9publique islamique de\u00a0 Mauritanie, et sur invitation de son homologue mauritanien, le G\u00e9n\u00e9ral de\u00a0 Corps d\u2019Arm\u00e9e El Mokhtar Bolle Chaabane, Chef d\u2019Etat-Major G\u00e9n\u00e9ral des\u00a0 Arm\u00e9es de la Mauritanie, Monsieur le G\u00e9n\u00e9ral d\u2019Arm\u00e9e Sa\u00efd Chanegriha, Chef\u00a0 d\u2019Etat-major de l\u2019ANP a \u00e9t\u00e9 re\u00e7u ce mardi 15 octobre 2024, par son\u00a0 Excellence le pr\u00e9sident de la R\u00e9publique islamique de Mauritanie, Monsieur\u00a0 Mohamed Ould Cheikh El Ghezouani \u00bb, pr\u00e9cise un communiqu\u00e9 du MDN alg\u00e9rien cit\u00e9 par l&#8217;APS.<\/p>\n<p>Le G\u00e9n\u00e9ral d\u2019Arm\u00e9e, souligne encore l&#8217;APS, \u00ab a exprim\u00e9 sa profonde gratitude\u00a0 pour l\u2019accueil chaleureux qui lui a \u00e9t\u00e9 r\u00e9serv\u00e9 par son Excellence le\u00a0 pr\u00e9sident de la R\u00e9publique islamique de Mauritanie, avant de lui remettre\u00a0 une lettre de son fr\u00e8re Monsieur Abdelmadjid Tebboune, pr\u00e9sident de la\u00a0 R\u00e9publique, Chef supr\u00eame des Forces arm\u00e9es, ministre de la D\u00e9fense\u00a0 nationale, dans laquelle il lui a transmis ses salutations et ses\u00a0 f\u00e9licitations, suite \u00e0 sa r\u00e9\u00e9lection pour un nouveau mandat \u00e0 la t\u00eate de la\u00a0 R\u00e9publique islamique de Mauritanie \u00bb, ajoute la m\u00eame source.<\/p>\n<p>Le G\u00e9n\u00e9ral d\u2019Arm\u00e9e a en outre, \u00ab\u00a0salu\u00e9 les liens fraternels qui unissent les deux peuples affirmant que l\u2019avenir rec\u00e8le davantage d\u2019opportunit\u00e9s pour approfondir les relations bilat\u00e9rales entre les deux pays fr\u00e8res \u00bb, ajoute le communiqu\u00e9.<\/p>\n<p>Outre le chef d\u2019\u00e9tat-major de l\u2019arm\u00e9e nationale populaire alg\u00e9rienne, la r\u00e9union s\u2019est d\u00e9roul\u00e9e en pr\u00e9sence de S.E. l\u2019ambassadeur de la R\u00e9publique alg\u00e9rienne d\u00e9mocratique et populaire M. Mohamed Ben Attou, du g\u00e9n\u00e9ral de division Belkaim Hassanat, chef du d\u00e9partement de l\u2019information et de la pr\u00e9paration de l\u2019\u00e9tat-major de l\u2019arm\u00e9e populaire alg\u00e9rienne, du g\u00e9n\u00e9ral de brigade Agribi Mohsen, directeur central de la s\u00e9curit\u00e9 de l\u2019\u00e9tat-major de l\u2019arm\u00e9e populaire alg\u00e9rienne, du g\u00e9n\u00e9ral de brigade Khaled Makhoukh, directeur des \u00e9tudes de l\u2019\u00e9tat-major de l\u2019arm\u00e9e populaire, et du colonel Belkacem Mansouri, escorte du chef d\u2019\u00e9tat-major alg\u00e9rien.<\/p>\n<p>Ont \u00e9galement pris part \u00e0 la r\u00e9union le ministre charg\u00e9 du cabinet du Pr\u00e9sident de la R\u00e9publique, M. Nani Ould Chrougha, le chef d\u2019\u00e9tat-major g\u00e9n\u00e9ral des arm\u00e9es, le g\u00e9n\u00e9ral de division Mokhtar Bella Chaabane, et le chef d\u2019\u00e9tat-major particulier du Pr\u00e9sident de la R\u00e9publique, le g\u00e9n\u00e9ral de division Isselkou Ould Cheikh El Wely.<\/p>\n<p>(avec AMI et APS)<\/p>\n","protected":false},"excerpt":{"rendered":"<p>S.E. le Pr\u00e9sident de la R\u00e9publique et Pr\u00e9sident de l\u2019Union africaine, M. Mohamed Ould Cheikh El-Ghazouani, a re\u00e7u, mardi apr\u00e8s-midi, au Palais pr\u00e9sidentiel \u00e0 Nouakchott, une d\u00e9l\u00e9gation militaire alg\u00e9rienne de haut niveau, conduite par le chef d\u2019\u00e9tat-major de l\u2019arm\u00e9e nationale populaire alg\u00e9rienne, le g\u00e9n\u00e9ral d\u2019arm\u00e9e Sa\u00efd Chanegriha. \u00ab Lors du premier jour de sa visite &hellip;<\/p>\n","protected":false},"author":2,"featured_media":11976,"comment_status":"open","ping_status":"open","sticky":false,"template":"","format":"standard","meta":{"footnotes":""},"categories":[18,29],"tags":[],"class_list":["post-11969","post","type-post","status-publish","format-standard","has-post-thumbnail","hentry","category-actualites","category-monde"],"_links":{"self":[{"href":"https:\/\/ladepeche.mr\/index.php?rest_route=\/wp\/v2\/posts\/11969","targetHints":{"allow":["GET"]}}],"collection":[{"href":"https:\/\/ladepeche.mr\/index.php?rest_route=\/wp\/v2\/posts"}],"about":[{"href":"https:\/\/ladepeche.mr\/index.php?rest_route=\/wp\/v2\/types\/post"}],"author":[{"embeddable":true,"href":"https:\/\/ladepeche.mr\/index.php?rest_route=\/wp\/v2\/users\/2"}],"replies":[{"embeddable":true,"href":"https:\/\/ladepeche.mr\/index.php?rest_route=%2Fwp%2Fv2%2Fcomments&post=11969"}],"version-history":[{"count":4,"href":"https:\/\/ladepeche.mr\/index.php?rest_route=\/wp\/v2\/posts\/11969\/revisions"}],"predecessor-version":[{"id":11977,"href":"https:\/\/ladepeche.mr\/index.php?rest_route=\/wp\/v2\/posts\/11969\/revisions\/11977"}],"wp:featuredmedia":[{"embeddable":true,"href":"https:\/\/ladepeche.mr\/index.php?rest_route=\/wp\/v2\/media\/11976"}],"wp:attachment":[{"href":"https:\/\/ladepeche.mr\/index.php?rest_route=%2Fwp%2Fv2%2Fmedia&parent=11969"}],"wp:term":[{"taxonomy":"category","embeddable":true,"href":"https:\/\/ladepeche.mr\/index.php?rest_route=%2Fwp%2Fv2%2Fcategories&post=11969"},{"taxonomy":"post_tag","embeddable":true,"href":"https:\/\/ladepeche.mr\/index.php?rest_route=%2Fwp%2Fv2%2Ftags&post=11969"}],"curies":[{"name":"wp","href":"https:\/\/api.w.org\/{rel}","templated":true}]}}