{"id":1199,"date":"2022-07-24T13:11:25","date_gmt":"2022-07-24T13:11:25","guid":{"rendered":"https:\/\/ladepeche.mr\/?p=1199"},"modified":"2022-07-28T07:16:12","modified_gmt":"2022-07-28T07:16:12","slug":"le-ministre-de-la-culture-preside-a-tidjikdja-louverture-de-la-huitieme-edition-du-festival-des-dattes","status":"publish","type":"post","link":"https:\/\/ladepeche.mr\/?p=1199","title":{"rendered":"Le ministre de la Culture pr\u00e9side \u00e0 Tidjikdja l\u2019ouverture de la huiti\u00e8me \u00e9dition du Festival des dattes"},"content":{"rendered":"<p style=\"direction: ltr;\">Sous le haut patronage de son Excellence le Pr\u00e9sident de la R\u00e9publique, M. Mohamed Ould Cheikh El Ghazouani, le ministre de la Culture, de la Jeunesse, des Sports et des Relations avec le Parlement, Khattar Ould Cheibani, a supervis\u00e9, vendredi soir, \u00e0 Tidjikdja, le lancement des activit\u00e9s de la huiti\u00e8me \u00e9dition du festival des dattes.<\/p>\n<p>Etaient \u00e9galement pr\u00e9sents, les ministres des Finances, de l\u2019Agriculture et du Commerce, de l\u2019Industrie, de l\u2019Artisanat et du Tourisme, en plus du wali du Tagant, du pr\u00e9sident du conseil r\u00e9gional, du pr\u00e9sident de la commission nationale des Droits de l\u2019Homme, des ambassadeurs des Emirats Arabes Unis, du Japon, d\u2019Espagne et certains pr\u00e9sidents des r\u00e9gions du Royaume du Maroc.<\/p>\n<p>Dans un mot prononc\u00e9 \u00e0 cette occasion, le ministre de la Culture, de la Jeunesse, des Sports et des Relations avec le Parlement, a fait part de sa joie de superviser le lancement de cette huiti\u00e8me \u00e9dition du festival des dattes \u00e0 Tidjikdja qui co\u00efncide avec la saison de la Guetna qui constitue un fait marquant de la culture oasienne.<\/p>\n<p>Dans ce cadre, le ministre a mis en accent l\u2019int\u00e9r\u00eat que porte Son Excellent le Pr\u00e9sident de la R\u00e9publique \u00e0 la culture et aux arts, \u00e9num\u00e9rant les r\u00e9alisations accomplies dans ce domaine dont la cr\u00e9ation de l\u2019Institut mauritanien des beaux-arts, la dynamisation du prix du Pr\u00e9sident de la R\u00e9publique des Beaux-arts, les pr\u00e9paratifs du Festival du Tichitt et l\u2019organisation du festival de la vall\u00e9e.<\/p>\n<p>Le ministre de la Culture, de la Jeunesse, des Sports et des Relations avec le Parlement, a soulign\u00e9 que la ville de Tidjikdja est consid\u00e9r\u00e9e comme \u00e9tant une forteresse de l\u2019histoire nationale qui renferme un immense r\u00e9servoir du patrimoine culturel mat\u00e9riel et immat\u00e9riel, ce qui a permis son choix parmi les sites mauritaniens qui ont \u00e9t\u00e9 r\u00e9pertori\u00e9s sur la liste du patrimoine mondial islamique en m\u00eame temps que les villes de Rachid et de Ksar El Barka, ainsi que d\u2019autres sites de notre cher pays, sans oublier le classement de la Mahadra mauritanienne \u00e0 ce patrimoine.<\/p>\n<p>Il a, \u00e9galement, not\u00e9 le classement des savoir-faire, des pratiques et des rituels associ\u00e9s au palmier dattier sur la liste repr\u00e9sentative de l&#8217;humanit\u00e9 \u00e0 l&#8217;UNESCO et au patrimoine mondial islamique.<\/p>\n<p>Le ministre a r\u00e9affirm\u00e9 la volont\u00e9 de l\u2019\u00c9tat \u00e0 restaurer l\u2019ancien quartier de la ville de Tidjikdja, indiquant que les travaux de reconstruction de l\u2019ancienne de la ville vont commencer prochainement.<\/p>\n<p>De son c\u00f4t\u00e9, le pr\u00e9sident de la R\u00e9gion du Tagant, M. Zeidane Ould Tfeil Ould Ould Mhaimid, a lou\u00e9 les grands efforts consentis par Son Excellence le Pr\u00e9sident de la R\u00e9publique pour r\u00e9aliser l\u2019autosuffisance alimentaire, ce qui traduit une nouvelle vision strat\u00e9gique pour faire face \u00e0 la situation actuelle que traverse le monde.<\/p>\n<p>Pour sa part, le maire de la commune de Tidjikdja, M. Mohamed Ould Biha, a indiqu\u00e9 que cette manifestation devenue annuelle est un \u00e9v\u00e9nement de d\u00e9veloppement et culturel remarquable attendu avec impatience par les habitants de la ville et les visiteurs pour ce qu\u2019il g\u00e9n\u00e8re comme bienfaits mat\u00e9riels et divertissements.<\/p>\n<p>La c\u00e9r\u00e9monie de lancement des activit\u00e9s du festival a \u00e9t\u00e9 marqu\u00e9e par la remise par le ministre de la Culture, de la Jeunesse, des Sports et des Relations avec le Parlement du bouclier de classement du quartier ancien de la ville de Tidjikdja au maire de sa commune et par la remise par le pr\u00e9sident de la R\u00e9gion Est du Royaume du Maroc de deux cadeaux symboliques au pr\u00e9sident de la R\u00e9gion de Tidjikdja et au maire de sa commune en consid\u00e9ration de leurs efforts dans le domaine du d\u00e9veloppement.<\/p>\n<p>Il est \u00e0 noter que la premi\u00e8re soir\u00e9e artistique du festival a comport\u00e9 des po\u00e8mes, des chants et des danses folkloriques qui ont enthousiasm\u00e9 un public nombreux.<\/p>\n<p>Ami<\/p>\n","protected":false},"excerpt":{"rendered":"<p>Sous le haut patronage de son Excellence le Pr\u00e9sident de la R\u00e9publique, M. Mohamed Ould Cheikh El Ghazouani, le ministre de la Culture, de la Jeunesse, des Sports et des Relations avec le Parlement, Khattar Ould Cheibani, a supervis\u00e9, vendredi soir, \u00e0 Tidjikdja, le lancement des activit\u00e9s de la huiti\u00e8me \u00e9dition du festival des dattes. &hellip;<\/p>\n","protected":false},"author":2,"featured_media":1201,"comment_status":"open","ping_status":"open","sticky":false,"template":"","format":"standard","meta":{"footnotes":""},"categories":[15,2,30,31],"tags":[],"class_list":["post-1199","post","type-post","status-publish","format-standard","has-post-thumbnail","hentry","category-culture","category-economie","category-enquetes","category-politique-et-reportages"],"_links":{"self":[{"href":"https:\/\/ladepeche.mr\/index.php?rest_route=\/wp\/v2\/posts\/1199","targetHints":{"allow":["GET"]}}],"collection":[{"href":"https:\/\/ladepeche.mr\/index.php?rest_route=\/wp\/v2\/posts"}],"about":[{"href":"https:\/\/ladepeche.mr\/index.php?rest_route=\/wp\/v2\/types\/post"}],"author":[{"embeddable":true,"href":"https:\/\/ladepeche.mr\/index.php?rest_route=\/wp\/v2\/users\/2"}],"replies":[{"embeddable":true,"href":"https:\/\/ladepeche.mr\/index.php?rest_route=%2Fwp%2Fv2%2Fcomments&post=1199"}],"version-history":[{"count":3,"href":"https:\/\/ladepeche.mr\/index.php?rest_route=\/wp\/v2\/posts\/1199\/revisions"}],"predecessor-version":[{"id":1287,"href":"https:\/\/ladepeche.mr\/index.php?rest_route=\/wp\/v2\/posts\/1199\/revisions\/1287"}],"wp:featuredmedia":[{"embeddable":true,"href":"https:\/\/ladepeche.mr\/index.php?rest_route=\/wp\/v2\/media\/1201"}],"wp:attachment":[{"href":"https:\/\/ladepeche.mr\/index.php?rest_route=%2Fwp%2Fv2%2Fmedia&parent=1199"}],"wp:term":[{"taxonomy":"category","embeddable":true,"href":"https:\/\/ladepeche.mr\/index.php?rest_route=%2Fwp%2Fv2%2Fcategories&post=1199"},{"taxonomy":"post_tag","embeddable":true,"href":"https:\/\/ladepeche.mr\/index.php?rest_route=%2Fwp%2Fv2%2Ftags&post=1199"}],"curies":[{"name":"wp","href":"https:\/\/api.w.org\/{rel}","templated":true}]}}