{"id":11998,"date":"2024-10-25T08:12:28","date_gmt":"2024-10-25T08:12:28","guid":{"rendered":"https:\/\/ladepeche.mr\/?p=11998"},"modified":"2024-10-25T08:12:28","modified_gmt":"2024-10-25T08:12:28","slug":"rym-moulaye-idriss-une-mauritanienne-a-la-croisee-des-mondes-une-visionnaire-au-service-de-lafrique","status":"publish","type":"post","link":"https:\/\/ladepeche.mr\/?p=11998","title":{"rendered":"Rym Moulaye Idriss : Une Mauritanienne \u00e0 la Crois\u00e9e des Mondes, une Visionnaire au Service de l\u2019Afrique"},"content":{"rendered":"<p>Rym Moulaye Idriss incarne le parcours d\u2019une battante, alliant ambition et humilit\u00e9. Malgr\u00e9 une carri\u00e8re internationale brillante, elle reste profond\u00e9ment attach\u00e9e \u00e0 ses racines. C\u2019est \u00e0 travers un heureux concours de circonstances que nous avons eu l\u2019occasion d\u2019\u00e9changer avec elle. Avec transparence et passion, elle nous d\u00e9voile ses projets, ses d\u00e9fis et sa vision pour le d\u00e9veloppement de l\u2019Afrique. D\u00e9tails.<\/p>\n<p><strong>La D\u00e9p\u00eache de Mauritanie : Vous \u00eates une Mauritanienne qui a v\u00e9cu loin de son pays mais qui a brillamment r\u00e9ussi. Pourriez-vous vous pr\u00e9senter \u00e0 nos lecteurs et surtout nous parler de votre exp\u00e9rience de retour aux sources ?<\/strong><\/p>\n<p><em>Je suis Rym Moulaye Idriss, fi\u00e8re Mauritanienne et fondatrice ainsi que Directrice G\u00e9n\u00e9rale Adjointe d\u2019Imaad Financial Group, une banque d\u2019affaires bas\u00e9e en C\u00f4te d\u2019Ivoire. Bien que mon parcours professionnel m\u2019ait men\u00e9 \u00e0 l\u2019international, j\u2019ai toujours gard\u00e9 un lien fort avec mon pays d\u2019origine. Mon retour aux sources est motiv\u00e9 par une volont\u00e9 sinc\u00e8re de contribuer activement au d\u00e9veloppement de la Mauritanie en apportant l\u2019exp\u00e9rience et l\u2019expertise acquises \u00e0 travers les march\u00e9s sur lesquels j\u2019ai op\u00e9r\u00e9. Ce retour d\u00e9passe le simple aspect g\u00e9ographique : il incarne un engagement \u00e0 investir dans l\u2019avenir de mon pays et du continent africain.<\/em><\/p>\n<p>&nbsp;<\/p>\n<p><strong>Votre parcours est quelque peu atypique. Mais votre trajectoire vous a conduite aux r\u00eanes de la finance internationale \u00e0 travers notamment Imaad Financial Group. Quel a \u00e9t\u00e9 le secret de votre succ\u00e8s et quel holding portez-vous aujourd\u2019hui ?<\/strong><\/p>\n<p><em>Mon parcours repose sur un m\u00e9lange d\u2019audace, de pers\u00e9v\u00e9rance et d\u2019un amour profond pour l\u2019innovation financi\u00e8re. Imaad Financial Group (IFG) est n\u00e9 de la synergie entre mon associ\u00e9 Issa Mehmet N\u2019Diaye, un expert de la finance, ancien trader \u00e0 New York et du Conseil caf\u00e9cacao en C\u00f4te d\u2019Ivoire, et moi-m\u00eame. Nous partageons une vision commune : mettre nos exp\u00e9riences compl\u00e9mentaires au service du d\u00e9veloppement \u00e9conomique, social et politique de l\u2019Afrique en laissant une empreinte durable \u00e0 travers nos projets.<\/em><\/p>\n<p><em>Aujourd\u2019hui, IFG intervient activement dans plusieurs pays de la sous-r\u00e9gion, notamment au S\u00e9n\u00e9gal, en Guin\u00e9e Conakry, en Guin\u00e9e-Bissau, au Cameroun, au Gabon, au Nigeria et en C\u00f4te d\u2019Ivoire. Nos projets couvrent plusieurs secteurs strat\u00e9giques, parmi lesquels :<\/em><\/p>\n<p><em>-l\u2019Eau: Projets de dessalement de l\u2019eau assainissement adduction en eau potable<\/em><\/p>\n<p><em>&#8211; Infrastructures et transport : financement de projets routiers, ferroviaires<\/em><\/p>\n<p><em>&#8211; \u00c9nergie: exploitation p\u00e9troli\u00e8re et gazi\u00e8re, ainsi que construction de centrales solaires et<\/em><\/p>\n<p><em>thermiques.<\/em><\/p>\n<p><em>&#8211; Mines: d\u00e9veloppement et exploitation de mines.<\/em><\/p>\n<p><em>-Trading de produits p\u00e9troliers et commodities<\/em><\/p>\n<p><em>&#8211; Immobilier: projets de logements sociaux et r\u00e9sidences haut de gamme.<\/em><\/p>\n<p><em>&#8211; Agriculture et \u00e9levage: soutien au d\u00e9veloppement du vivrier, avec un accompagnement<\/em><\/p>\n<p><em>sp\u00e9cifique des femmes dans l\u2019agro-industrie.<\/em><\/p>\n<p><em>&#8211; \u00c9ducation: financement et construction de coll\u00e8ges, lyc\u00e9es et universit\u00e9s.<\/em><\/p>\n<p><em>&#8211; Sant\u00e9: investissements dans des h\u00f4pitaux et infrastructures de sant\u00e9.<\/em><\/p>\n<p><em>&#8211; Startups : soutien au financement des startups<\/em><\/p>\n<p><em>Nous avons structur\u00e9 Imaad Financial Group pour r\u00e9pondre aux besoins sp\u00e9cifiques des \u00e9conomies africaines gr\u00e2ce \u00e0 une approche sur mesure, adapt\u00e9e aux d\u00e9fis et opportunit\u00e9s locales.<\/em><\/p>\n<p>&nbsp;<\/p>\n<p><strong><em>Quelle part de projets pour votre pays, qui reste l\u2019un des rares de la sous-r\u00e9gion \u00e0 ne pas b\u00e9n\u00e9ficier de<\/em> vos investissements ?<\/strong><\/p>\n<p><em>La Mauritanie occupe une place particuli\u00e8re dans nos priorit\u00e9s. Cependant, investir efficacement dans un pays n\u00e9cessite une coh\u00e9rence entre les besoins locaux et la mobilisation de ressources \u00e0 travers des partenariats solides et une stabilit\u00e9 institutionnelle.<\/em><\/p>\n<figure id=\"attachment_12023\" aria-describedby=\"caption-attachment-12023\" style=\"width: 480px\" class=\"wp-caption alignright\"><img loading=\"lazy\" decoding=\"async\" class=\"wp-image-12023\" src=\"http:\/\/ladepeche.mr\/wp-content\/uploads\/2024\/09\/WhatsApp-Image-2024-10-16-a-15.37.22_ce838dca-810x1024.jpg\" alt=\"\" width=\"480\" height=\"607\" srcset=\"https:\/\/ladepeche.mr\/wp-content\/uploads\/2024\/09\/WhatsApp-Image-2024-10-16-a-15.37.22_ce838dca-810x1024.jpg 810w, https:\/\/ladepeche.mr\/wp-content\/uploads\/2024\/09\/WhatsApp-Image-2024-10-16-a-15.37.22_ce838dca-237x300.jpg 237w, https:\/\/ladepeche.mr\/wp-content\/uploads\/2024\/09\/WhatsApp-Image-2024-10-16-a-15.37.22_ce838dca-768x971.jpg 768w, https:\/\/ladepeche.mr\/wp-content\/uploads\/2024\/09\/WhatsApp-Image-2024-10-16-a-15.37.22_ce838dca-1214x1536.jpg 1214w, https:\/\/ladepeche.mr\/wp-content\/uploads\/2024\/09\/WhatsApp-Image-2024-10-16-a-15.37.22_ce838dca.jpg 1242w\" sizes=\"auto, (max-width: 480px) 100vw, 480px\" \/><figcaption id=\"caption-attachment-12023\" class=\"wp-caption-text\">ici avec la ministre de l&#8217;environnement et l&#8217;ambassadeur de Mauritanie en C\u00f4te d&#8217;Ivoire<\/figcaption><\/figure>\n<p><em>Nous avons d\u00e9j\u00e0 initi\u00e9 des discussions avec le gouvernement mauritanien sur plusieurs projets strat\u00e9giques, notamment dans les domaines de l\u2019assainissement, du dessalement, et de l\u2019eau potable.<\/em><\/p>\n<p><em>Nous envisageons \u00e9galement des investissements dans les infrastructures routi\u00e8res, \u00e9nerg\u00e9tiques et mini\u00e8res, ainsi que dans l\u2019agriculture, la p\u00eache et l\u2019industrie. Notre ambition est d\u2019accompagner la Mauritanie dans son d\u00e9veloppement \u00e9conomique et social tout en maximisant les impacts positifs sur le secteur priv\u00e9 en renfor\u00e7ant les activit\u00e9s des communaut\u00e9s locales.<\/em><\/p>\n<p>&nbsp;<\/p>\n<p><strong>Vous n\u2019\u00eates pas \u00e0 une premi\u00e8re tentative pour faire profiter la Mauritanie de vos projets. Quels regrets avez-vous en rapport avec la premi\u00e8re tentative et quelles sont les chances de projets novateurs ?<\/strong><\/p>\n<p><em>Nos premi\u00e8res tentatives en Mauritanie ont \u00e9t\u00e9 confront\u00e9es \u00e0 des d\u00e9fis administratifs et r\u00e9glementaires, ce qui a ralenti la mise en oeuvre de nos projets. N\u00e9anmoins, nous consid\u00e9rons ces exp\u00e9riences comme des \u00e9tapes d\u2019apprentissage pr\u00e9cieuses. Elles nous ont permis de mieux comprendre les dynamiques locales et d\u2019affiner nos strat\u00e9gies.<\/em><\/p>\n<p><em>Aujourd\u2019hui, Imaad Financial Group est mieux arm\u00e9 pour introduire des projets novateurs et structurants, notamment dans les secteurs des infrastructures, de l\u2019\u00e9nergie et de l\u2019agroindustrie. Nous sommes optimistes et convaincus que des opportunit\u00e9s importantes verront le jour. Nous continuerons \u00e0 travailler avec nos partenaires pour identifier des solutions adapt\u00e9es aux besoins sp\u00e9cifiques de la Mauritanie mais j\u2019ajouterai \u00e9galement que le dynamisme \u00e9conomique d\u2019un pays repose \u00e9norm\u00e9ment sur la volont\u00e9 et la stabilit\u00e9 politique qui reste le socle majeur \u00e0 l\u2019attractivit\u00e9 des investissements et la fluidit\u00e9 des d\u00e9marches dans les institutions.<\/em><\/p>\n<p>&nbsp;<\/p>\n<p><strong>Votre pr\u00e9sence a \u00e9t\u00e9 remarqu\u00e9e \u00e0 Abidjan aux c\u00f4t\u00e9s de la Ministre de l\u2019Environnement, Madame Messouda Baham Mohamed Laghdaf. Des pistes auraient \u00e9t\u00e9 d\u00e9blay\u00e9es pour une synergie dans des initiatives de d\u00e9veloppement durable soutenues par Imaad Financial Group. Peut-on en savoir plus ?<\/strong><\/p>\n<p>Ma rencontre avec Madame Messouda Baham Mohamed Laghdaf \u00e0 Abidjan a \u00e9t\u00e9 une \u00e9tape importante. Nous partageons une vision commune sur l\u2019importance du d\u00e9veloppement durable, non seulement en Mauritanie, mais \u00e9galement \u00e0 l\u2019\u00e9chelle r\u00e9gionale. Imaad Financial Group est engag\u00e9 dans la promotion de projets verts, en mettant l\u2019accent sur les \u00e9nergies renouvelables et la gestion responsable des ressources naturelles.<\/p>\n<div id='gallery-1' class='gallery galleryid-11998 gallery-columns-5 gallery-size-thumbnail'><figure class='gallery-item'>\n\t\t\t<div class='gallery-icon landscape'>\n\t\t\t\t<a href='https:\/\/ladepeche.mr\/?attachment_id=12003'><img loading=\"lazy\" decoding=\"async\" width=\"150\" height=\"150\" src=\"https:\/\/ladepeche.mr\/wp-content\/uploads\/2024\/10\/WhatsApp-Image-2024-10-16-a-16.06.49_2235a78a-150x150.jpg\" class=\"attachment-thumbnail size-thumbnail\" alt=\"\" aria-describedby=\"gallery-1-12003\" \/><\/a>\n\t\t\t<\/div>\n\t\t\t\t<figcaption class='wp-caption-text gallery-caption' id='gallery-1-12003'>\n\t\t\t\tAvec staff, Deloite et minist\u00e8re de l&#8217;\u00e9quipement\n\t\t\t\t<\/figcaption><\/figure><figure class='gallery-item'>\n\t\t\t<div class='gallery-icon portrait'>\n\t\t\t\t<a href='https:\/\/ladepeche.mr\/?attachment_id=12000'><img loading=\"lazy\" decoding=\"async\" width=\"150\" height=\"150\" src=\"https:\/\/ladepeche.mr\/wp-content\/uploads\/2024\/10\/WhatsApp-Image-2024-10-16-a-16.06.49_ea31084b-150x150.jpg\" class=\"attachment-thumbnail size-thumbnail\" alt=\"\" aria-describedby=\"gallery-1-12000\" \/><\/a>\n\t\t\t<\/div>\n\t\t\t\t<figcaption class='wp-caption-text gallery-caption' id='gallery-1-12000'>\n\t\t\t\tR\u00e9union de travail\n\t\t\t\t<\/figcaption><\/figure><figure class='gallery-item'>\n\t\t\t<div class='gallery-icon portrait'>\n\t\t\t\t<a href='https:\/\/ladepeche.mr\/?attachment_id=12005'><img loading=\"lazy\" decoding=\"async\" width=\"150\" height=\"150\" src=\"https:\/\/ladepeche.mr\/wp-content\/uploads\/2024\/10\/SUR-LE-TERRAIN-150x150.jpg\" class=\"attachment-thumbnail size-thumbnail\" alt=\"\" aria-describedby=\"gallery-1-12005\" \/><\/a>\n\t\t\t<\/div>\n\t\t\t\t<figcaption class='wp-caption-text gallery-caption' id='gallery-1-12005'>\n\t\t\t\tSur le terrain\n\t\t\t\t<\/figcaption><\/figure><figure class='gallery-item'>\n\t\t\t<div class='gallery-icon portrait'>\n\t\t\t\t<a href='https:\/\/ladepeche.mr\/?attachment_id=12004'><img loading=\"lazy\" decoding=\"async\" width=\"150\" height=\"150\" src=\"https:\/\/ladepeche.mr\/wp-content\/uploads\/2024\/10\/WhatsApp-Image-2024-10-16-a-16.06.49_c282d0b6-150x150.jpg\" class=\"attachment-thumbnail size-thumbnail\" alt=\"\" aria-describedby=\"gallery-1-12004\" \/><\/a>\n\t\t\t<\/div>\n\t\t\t\t<figcaption class='wp-caption-text gallery-caption' id='gallery-1-12004'>\n\t\t\t\tvisite de coop\u00e9rative\n\t\t\t\t<\/figcaption><\/figure><figure class='gallery-item'>\n\t\t\t<div class='gallery-icon portrait'>\n\t\t\t\t<a href='https:\/\/ladepeche.mr\/?attachment_id=12008'><img loading=\"lazy\" decoding=\"async\" width=\"150\" height=\"150\" src=\"https:\/\/ladepeche.mr\/wp-content\/uploads\/2024\/10\/WhatsApp-Image-2024-10-16-a-15.56.51_f00cd562-150x150.jpg\" class=\"attachment-thumbnail size-thumbnail\" alt=\"\" aria-describedby=\"gallery-1-12008\" \/><\/a>\n\t\t\t<\/div>\n\t\t\t\t<figcaption class='wp-caption-text gallery-caption' id='gallery-1-12008'>\n\t\t\t\tCommunication\n\t\t\t\t<\/figcaption><\/figure>\n\t\t<\/div>\n\n<p>Nous explorons la mise en place d\u2019une ligne de financement d\u00e9di\u00e9e aux \u00e9tudes de faisabilit\u00e9 et aux \u00e9valuations d\u2019impact social et environnemental, car le manque de financement \u00e0 ce stade freine souvent la r\u00e9alisation des projets. Avec l\u2019appui de Madame la Ministre et de son \u00e9quipe, nous travaillons \u00e0 identifier des solutions innovantes adapt\u00e9es aux besoins locaux.<\/p>\n<p>Notre ambition est de formaliser ces projets rapidement, afin qu&#8217;ils puissent devenir des mod\u00e8les de d\u00e9veloppement durable pour l\u2019ensemble de la sous-r\u00e9gion.<\/p>\n<p>Propos recueillis<\/p>\n<p>Jedna DEIDA<\/p>\n","protected":false},"excerpt":{"rendered":"<p>Rym Moulaye Idriss incarne le parcours d\u2019une battante, alliant ambition et humilit\u00e9. Malgr\u00e9 une carri\u00e8re internationale brillante, elle reste profond\u00e9ment attach\u00e9e \u00e0 ses racines. C\u2019est \u00e0 travers un heureux concours de circonstances que nous avons eu l\u2019occasion d\u2019\u00e9changer avec elle. Avec transparence et passion, elle nous d\u00e9voile ses projets, ses d\u00e9fis et sa vision pour &hellip;<\/p>\n","protected":false},"author":2,"featured_media":12012,"comment_status":"open","ping_status":"open","sticky":false,"template":"","format":"standard","meta":{"footnotes":""},"categories":[18,2],"tags":[],"class_list":["post-11998","post","type-post","status-publish","format-standard","has-post-thumbnail","hentry","category-actualites","category-economie"],"_links":{"self":[{"href":"https:\/\/ladepeche.mr\/index.php?rest_route=\/wp\/v2\/posts\/11998","targetHints":{"allow":["GET"]}}],"collection":[{"href":"https:\/\/ladepeche.mr\/index.php?rest_route=\/wp\/v2\/posts"}],"about":[{"href":"https:\/\/ladepeche.mr\/index.php?rest_route=\/wp\/v2\/types\/post"}],"author":[{"embeddable":true,"href":"https:\/\/ladepeche.mr\/index.php?rest_route=\/wp\/v2\/users\/2"}],"replies":[{"embeddable":true,"href":"https:\/\/ladepeche.mr\/index.php?rest_route=%2Fwp%2Fv2%2Fcomments&post=11998"}],"version-history":[{"count":5,"href":"https:\/\/ladepeche.mr\/index.php?rest_route=\/wp\/v2\/posts\/11998\/revisions"}],"predecessor-version":[{"id":12029,"href":"https:\/\/ladepeche.mr\/index.php?rest_route=\/wp\/v2\/posts\/11998\/revisions\/12029"}],"wp:featuredmedia":[{"embeddable":true,"href":"https:\/\/ladepeche.mr\/index.php?rest_route=\/wp\/v2\/media\/12012"}],"wp:attachment":[{"href":"https:\/\/ladepeche.mr\/index.php?rest_route=%2Fwp%2Fv2%2Fmedia&parent=11998"}],"wp:term":[{"taxonomy":"category","embeddable":true,"href":"https:\/\/ladepeche.mr\/index.php?rest_route=%2Fwp%2Fv2%2Fcategories&post=11998"},{"taxonomy":"post_tag","embeddable":true,"href":"https:\/\/ladepeche.mr\/index.php?rest_route=%2Fwp%2Fv2%2Ftags&post=11998"}],"curies":[{"name":"wp","href":"https:\/\/api.w.org\/{rel}","templated":true}]}}