{"id":12032,"date":"2024-10-16T22:11:18","date_gmt":"2024-10-16T22:11:18","guid":{"rendered":"https:\/\/ladepeche.mr\/?p=12032"},"modified":"2024-10-16T22:11:18","modified_gmt":"2024-10-16T22:11:18","slug":"le-premier-ministre-rencontre-une-delegation-du-fmi","status":"publish","type":"post","link":"https:\/\/ladepeche.mr\/?p=12032","title":{"rendered":"Le Premier ministre rencontre une d\u00e9l\u00e9gation du FMI"},"content":{"rendered":"<p>Le Premier ministre, M. Mokhtar Ould Diaye, a re\u00e7u, mercredi, \u00e0 son cabinet, la d\u00e9l\u00e9gation du Fonds Mon\u00e9taire International (FMI) en Mauritanie, conduite par M. Felix Fischer, \u00e0 l\u2019issue de sa mission de suivi des programmes et des relations entre notre pays et cet organisme international.<\/p>\n<p>La r\u00e9union a permis de discuter des diff\u00e9rents domaines de coop\u00e9ration et de partenariat entre la Mauritanie et cette institution financi\u00e8re internationale et des moyens de les renforcer et de les d\u00e9velopper avantage.<\/p>\n<p>La r\u00e9union s\u2019est d\u00e9roul\u00e9e en pr\u00e9sence du gouverneur de la Banque centrale de Mauritanie, M. Mohamed Lemine Ould Dhehby, du directeur du Cabinet du Premier Ministre, M. Cheikh Ould Zeidane, du Charg\u00e9 de Mission \u00e0 la Primature, M. Mohamed Lemine Ould Raghani, et du Conseiller du Premier Ministre en charge de l\u2019Economie et des Finances, M. Mohamed Lemine Ould Hamadi.<\/p>\n<p>Ami<\/p>\n","protected":false},"excerpt":{"rendered":"<p>Le Premier ministre, M. Mokhtar Ould Diaye, a re\u00e7u, mercredi, \u00e0 son cabinet, la d\u00e9l\u00e9gation du Fonds Mon\u00e9taire International (FMI) en Mauritanie, conduite par M. Felix Fischer, \u00e0 l\u2019issue de sa mission de suivi des programmes et des relations entre notre pays et cet organisme international. La r\u00e9union a permis de discuter des diff\u00e9rents domaines &hellip;<\/p>\n","protected":false},"author":2,"featured_media":12033,"comment_status":"open","ping_status":"open","sticky":false,"template":"","format":"standard","meta":{"footnotes":""},"categories":[18,2],"tags":[],"class_list":["post-12032","post","type-post","status-publish","format-standard","has-post-thumbnail","hentry","category-actualites","category-economie"],"_links":{"self":[{"href":"https:\/\/ladepeche.mr\/index.php?rest_route=\/wp\/v2\/posts\/12032","targetHints":{"allow":["GET"]}}],"collection":[{"href":"https:\/\/ladepeche.mr\/index.php?rest_route=\/wp\/v2\/posts"}],"about":[{"href":"https:\/\/ladepeche.mr\/index.php?rest_route=\/wp\/v2\/types\/post"}],"author":[{"embeddable":true,"href":"https:\/\/ladepeche.mr\/index.php?rest_route=\/wp\/v2\/users\/2"}],"replies":[{"embeddable":true,"href":"https:\/\/ladepeche.mr\/index.php?rest_route=%2Fwp%2Fv2%2Fcomments&post=12032"}],"version-history":[{"count":1,"href":"https:\/\/ladepeche.mr\/index.php?rest_route=\/wp\/v2\/posts\/12032\/revisions"}],"predecessor-version":[{"id":12034,"href":"https:\/\/ladepeche.mr\/index.php?rest_route=\/wp\/v2\/posts\/12032\/revisions\/12034"}],"wp:featuredmedia":[{"embeddable":true,"href":"https:\/\/ladepeche.mr\/index.php?rest_route=\/wp\/v2\/media\/12033"}],"wp:attachment":[{"href":"https:\/\/ladepeche.mr\/index.php?rest_route=%2Fwp%2Fv2%2Fmedia&parent=12032"}],"wp:term":[{"taxonomy":"category","embeddable":true,"href":"https:\/\/ladepeche.mr\/index.php?rest_route=%2Fwp%2Fv2%2Fcategories&post=12032"},{"taxonomy":"post_tag","embeddable":true,"href":"https:\/\/ladepeche.mr\/index.php?rest_route=%2Fwp%2Fv2%2Ftags&post=12032"}],"curies":[{"name":"wp","href":"https:\/\/api.w.org\/{rel}","templated":true}]}}