{"id":12038,"date":"2024-10-16T23:00:48","date_gmt":"2024-10-16T23:00:48","guid":{"rendered":"https:\/\/ladepeche.mr\/?p=12038"},"modified":"2024-10-16T22:34:23","modified_gmt":"2024-10-16T22:34:23","slug":"israel-intensifie-ses-raids-aeriens-sur-le-sud-du-liban-et-frappe-la-banlieue-de-beyrouth","status":"publish","type":"post","link":"https:\/\/ladepeche.mr\/?p=12038","title":{"rendered":"Isra\u00ebl intensifie ses raids a\u00e9riens sur le sud du Liban et frappe la banlieue de Beyrouth"},"content":{"rendered":"<div class=\"intro intro--bold\">\n<p>L&#8217;arm\u00e9e isra\u00e9lienne a men\u00e9 mercredi un raid a\u00e9rien sur la banlieue sud de Beyrouth, fief du Hezbollah pro-iranien, et des frappes meurtri\u00e8res sur une ville dans le sud du Liban, apr\u00e8s que le Premier ministre isra\u00e9lien a dit \u00eatre oppos\u00e9 \u00e0 tout cessez-le-feu &#8220;unilat\u00e9ral&#8221;.<\/p>\n<\/div>\n<div id=\"article-content\" class=\"content-floated-wrap fb-quotable\">\n<div class=\"wsw\">\n<p>Un raid a\u00e9rien a vis\u00e9 au petit matin le quartier de Haret Hreik dans la banlieue sud de Beyrouth, quelques minutes apr\u00e8s un ordre d&#8217;\u00e9vacuation \u00e9mis par l&#8217;arm\u00e9e isra\u00e9lienne, qui a dit avoir frapp\u00e9 un entrep\u00f4t d'&#8221;<em>armes strat\u00e9giques<\/em>&#8221; du Hezbollah. Il s&#8217;agit de la premi\u00e8re frappe depuis plusieurs jours sur la banlieue sud de Beyrouth o\u00f9 l&#8217;arm\u00e9e isra\u00e9lienne a concentr\u00e9 ses raids depuis le lancement de ses frappes massives au Liban il y a pr\u00e8s d&#8217;un mois, avant de viser d&#8217;autres fiefs du Hezbollah, dans l&#8217;est et le sud du pays et au-del\u00e0. Les Etats-Unis ont dit mardi \u00eatre &#8220;<em>oppos\u00e9s<\/em>&#8221; \u00e0 la campagne de bombardements men\u00e9e par Isra\u00ebl sur la capitale.<\/p>\n<p>Dans le sud du Liban, Howaida Turk, gouverneure de Nabatiyeh, a fait \u00e9tat d&#8217;une dizaine de frappes a\u00e9riennes isra\u00e9liennes mercredi sur son chef-lieu, un fief des deux mouvements chiites alli\u00e9s Hezbollah et Amal. Le maire de la ville, Ahmad Kahil, a \u00e9t\u00e9 tu\u00e9 dans l&#8217;attaque qui a vis\u00e9 deux b\u00e2timents de la municipalit\u00e9 ainsi qu&#8217;un centre m\u00e9dical adjacent, a-t-elle indiqu\u00e9, \u00e9voquant &#8220;<em>un massacre<\/em>&#8220;. &#8220;<em>Deux m\u00e9decins<\/em>&#8221; d&#8217;un centre m\u00e9dical adjacent ont \u00e9galement \u00e9t\u00e9 tu\u00e9s, selon un responsable des secours du Hezbollah. Le minist\u00e8re de la Sant\u00e9 a fait \u00e9tat d&#8217;un bilan provisoire de six morts et 43 bless\u00e9s. Le Premier ministre Najib Mikati a condamn\u00e9 une frappe &#8220;<em>d\u00e9lib\u00e9r\u00e9e<\/em>&#8221; sur le &#8220;<em>Conseil municipal r\u00e9uni<\/em>&#8220;.<\/p>\n<h2 class=\"wsw__h2\"><em>&#8220;Prot\u00e9ger les civils&#8221;<\/em><\/h2>\n<p>L&#8217;arm\u00e9e isra\u00e9lienne a indiqu\u00e9 avoir vis\u00e9 &#8220;<em>des dizaines de cibles du Hezbollah<\/em>&#8221; dans la ville, dont des &#8220;<em>infrastructures terroristes, des centres de commandement du Hezbollah et des installations de stockage d&#8217;armes<\/em>&#8220;. Ses forces navales ont frapp\u00e9 des dizaines d&#8217;autres cibles &#8220;<em>en coordination avec les troupes au sol<\/em>&#8220;, a-t-elle ajout\u00e9. La coordinatrice sp\u00e9ciale de l&#8217;ONU au Liban, Jeanine Hennis-Plasschaert, a appel\u00e9 \u00e0 prot\u00e9ger &#8220;<em>les civils et les infrastructures civiles<\/em>&#8220;.<\/p>\n<p>Depuis le 23 septembre, au moins 1.356 personnes ont \u00e9t\u00e9 tu\u00e9es au Liban, selon un d\u00e9compte de l&#8217;AFP \u00e0 partir de chiffres officiels. L&#8217;ONU a recens\u00e9 pr\u00e8s de 700.000 d\u00e9plac\u00e9s. Apr\u00e8s pr\u00e8s d&#8217;un an d&#8217;\u00e9changes de tirs frontaliers avec le Hezbollah et apr\u00e8s avoir affaibli le Hamas palestinien dans la bande de Gaza, l&#8217;arm\u00e9e isra\u00e9lienne a d\u00e9plac\u00e9 \u00e0 la mi-septembre le front de la guerre au Liban.<\/p>\n<p>Isra\u00ebl affirme vouloir \u00e9loigner le Hezbollah de la fronti\u00e8re et mettre un terme \u00e0 ses tirs de roquettes, afin de permettre le retour dans le nord d&#8217;Isra\u00ebl de quelque 60.000 habitants d\u00e9plac\u00e9s par les tirs du mouvement arm\u00e9 libanais. Le Hezbollah, affirmant agir en soutien au Hamas, a ouvert un front contre Isra\u00ebl le 8 octobre 2023, au lendemain de l&#8217;attaque sans pr\u00e9c\u00e9dent du mouvement islamiste palestinien en Isra\u00ebl ayant d\u00e9clench\u00e9 la guerre \u00e0 Gaza.<\/p>\n<p>Malgr\u00e9 les coups durs inflig\u00e9s au Hezbollah, le mouvement libanais a poursuivi les tirs sur Isra\u00ebl. Il a annonc\u00e9 mercredi avoir tir\u00e9 sur un char isra\u00e9lien pr\u00e8s de la fronti\u00e8re apr\u00e8s avoir lanc\u00e9 dans la nuit des &#8220;<em>salves de missiles<\/em>&#8221; en direction du nord d&#8217;Isra\u00ebl o\u00f9 l&#8217;arm\u00e9e a rapport\u00e9 le tir de 50 missiles depuis le Liban. Le Hezbollah a assur\u00e9 qu&#8217;il ne serait &#8220;<em>pas d\u00e9fait<\/em>&#8221; par l&#8217;arm\u00e9e isra\u00e9lienne, qui m\u00e8ne depuis le 30 septembre une offensive terrestre dans le sud du pays, appuy\u00e9e par des frappes a\u00e9riennes.<\/p>\n<p>Le num\u00e9ro deux du mouvement, Na\u00efm Qassem a pr\u00e9venu que son mouvement frapperait &#8220;partout en Isra\u00ebl&#8221;, affirmant que &#8220;la solution&#8221; pour mettre fin \u00e0 la guerre est &#8220;<em>un cessez-le-feu<\/em>&#8220;. Mais le Premier ministre isra\u00e9lien Benjamin Netanyahu a dit mardi son opposition \u00e0 tout cessez-le-feu &#8220;<em>unilat\u00e9ral<\/em>&#8221; au Liban, qui selon lui n&#8217;emp\u00eacherait pas le Hezbollah de regrouper ses forces dans la zone frontali\u00e8re.<\/p>\n<h2 class=\"wsw__h2\"><em>&#8220;Tueries&#8221;<\/em><\/h2>\n<p>Alors qu&#8217;Isra\u00ebl poursuit ses offensives contre le Hezbollah au Liban et contre le Hamas \u00e0 Gaza, tous deux alli\u00e9s de T\u00e9h\u00e9ran, ses dirigeants disent pr\u00e9parer la riposte \u00e0 l&#8217;attaque aux missiles iranienne du 1er octobre.<\/p>\n<p>L&#8217;Iran &#8220;<em>r\u00e9pondra r\u00e9solument<\/em>&#8221; \u00e0 toute attaque isra\u00e9lienne, a martel\u00e9 le chef de la diplomatie iranienne Abbas Araghchi qui effectue une tourn\u00e9e dans la r\u00e9gion. Il a affirm\u00e9 toutefois que son pays &#8220;<em>fait des efforts consid\u00e9rables pour prot\u00e9ger la paix et la s\u00e9curit\u00e9 de la r\u00e9gion<\/em>&#8220;. Son pr\u00e9sident, Massoud Pezeshkian, a appel\u00e9 \u00e0 &#8220;<em>faire davantage pression sur les alli\u00e9s<\/em>&#8221; d&#8217;Isra\u00ebl pour mettre un terme &#8220;<em>aux tueries<\/em>&#8221; \u00e0 Gaza et au Liban.<\/p>\n<p>Apr\u00e8s plus d&#8217;un an de guerre dans la bande de Gaza assi\u00e9g\u00e9e, les forces isra\u00e9liennes m\u00e8nent depuis le 6 octobre une offensive dans le nord du territoire palestinien, notamment \u00e0 Jabalia, o\u00f9, selon elles, le Hamas tente de reconstituer ses forces.<\/p>\n<p>La guerre a \u00e9t\u00e9 d\u00e9clench\u00e9e le 7 octobre 2023 par l&#8217;attaque sans pr\u00e9c\u00e9dent du Hamas, qui a entra\u00een\u00e9 la mort de 1.206 personnes en Isra\u00ebl, en majorit\u00e9 des civils, selon un d\u00e9compte de l&#8217;AFP bas\u00e9 sur des chiffres officiels isra\u00e9liens et incluant les otages morts ou tu\u00e9s en captivit\u00e9 \u00e0 Gaza. Au moins 42.409 Palestiniens ont \u00e9t\u00e9 tu\u00e9s, majoritairement des civils, dans l&#8217;offensive isra\u00e9lienne men\u00e9e en repr\u00e9sailles \u00e0 Gaza, selon les donn\u00e9es du minist\u00e8re de la Sant\u00e9 du gouvernement du Hamas, jug\u00e9es fiables par l&#8217;ONU.<\/p>\n<p>VOA<\/p>\n<\/div>\n<\/div>\n","protected":false},"excerpt":{"rendered":"<p>L&#8217;arm\u00e9e isra\u00e9lienne a men\u00e9 mercredi un raid a\u00e9rien sur la banlieue sud de Beyrouth, fief du Hezbollah pro-iranien, et des frappes meurtri\u00e8res sur une ville dans le sud du Liban, apr\u00e8s que le Premier ministre isra\u00e9lien a dit \u00eatre oppos\u00e9 \u00e0 tout cessez-le-feu &#8220;unilat\u00e9ral&#8221;. Un raid a\u00e9rien a vis\u00e9 au petit matin le quartier de &hellip;<\/p>\n","protected":false},"author":2,"featured_media":12039,"comment_status":"open","ping_status":"open","sticky":false,"template":"","format":"standard","meta":{"footnotes":""},"categories":[18,29],"tags":[],"class_list":["post-12038","post","type-post","status-publish","format-standard","has-post-thumbnail","hentry","category-actualites","category-monde"],"_links":{"self":[{"href":"https:\/\/ladepeche.mr\/index.php?rest_route=\/wp\/v2\/posts\/12038","targetHints":{"allow":["GET"]}}],"collection":[{"href":"https:\/\/ladepeche.mr\/index.php?rest_route=\/wp\/v2\/posts"}],"about":[{"href":"https:\/\/ladepeche.mr\/index.php?rest_route=\/wp\/v2\/types\/post"}],"author":[{"embeddable":true,"href":"https:\/\/ladepeche.mr\/index.php?rest_route=\/wp\/v2\/users\/2"}],"replies":[{"embeddable":true,"href":"https:\/\/ladepeche.mr\/index.php?rest_route=%2Fwp%2Fv2%2Fcomments&post=12038"}],"version-history":[{"count":1,"href":"https:\/\/ladepeche.mr\/index.php?rest_route=\/wp\/v2\/posts\/12038\/revisions"}],"predecessor-version":[{"id":12040,"href":"https:\/\/ladepeche.mr\/index.php?rest_route=\/wp\/v2\/posts\/12038\/revisions\/12040"}],"wp:featuredmedia":[{"embeddable":true,"href":"https:\/\/ladepeche.mr\/index.php?rest_route=\/wp\/v2\/media\/12039"}],"wp:attachment":[{"href":"https:\/\/ladepeche.mr\/index.php?rest_route=%2Fwp%2Fv2%2Fmedia&parent=12038"}],"wp:term":[{"taxonomy":"category","embeddable":true,"href":"https:\/\/ladepeche.mr\/index.php?rest_route=%2Fwp%2Fv2%2Fcategories&post=12038"},{"taxonomy":"post_tag","embeddable":true,"href":"https:\/\/ladepeche.mr\/index.php?rest_route=%2Fwp%2Fv2%2Ftags&post=12038"}],"curies":[{"name":"wp","href":"https:\/\/api.w.org\/{rel}","templated":true}]}}