{"id":12048,"date":"2024-10-17T18:33:59","date_gmt":"2024-10-17T18:33:59","guid":{"rendered":"https:\/\/ladepeche.mr\/?p=12048"},"modified":"2024-10-17T18:33:59","modified_gmt":"2024-10-17T18:33:59","slug":"fmi-la-mauritanie-sur-la-bonne-voie-dans-la-mise-en-oeuvre-des-reformes-du-fonds","status":"publish","type":"post","link":"https:\/\/ladepeche.mr\/?p=12048","title":{"rendered":"FMI : La Mauritanie sur la bonne voie dans la mise en \u0153uvre des r\u00e9formes du Fonds"},"content":{"rendered":"<p>Le Fonds Mon\u00e9taire International (FMI) a f\u00e9licit\u00e9 les autorit\u00e9s mauritaniennes pour leur coop\u00e9ration et salu\u00e9 la bonne performance de la Mauritanie dans la mise en \u0153uvre des r\u00e9formes, qui sont sur la bonne voie selon le Fonds.<\/p>\n<p>En effet, ces r\u00e9formes ont am\u00e9lior\u00e9 les finances publiques, la politique mon\u00e9taire, la flexibilit\u00e9 du taux de change et les cadres de gouvernance, indique le FMI, selon lequel, cette situation constituera \u00e0 l\u2019avenir une plate-forme appropri\u00e9e pour attirer les investisseurs.<\/p>\n<p>Ces d\u00e9clarations ont \u00e9t\u00e9 faites hier mercredi dans la capitale mauritanienne Nouakchott, par le vice-pr\u00e9sident du d\u00e9partement Moyen-Orient et Asie Centrale du Fonds et Chef de la mission du FMI qui vient de s\u2019achever en Mauritanie M. Felix Fischer.<\/p>\n<p>Le ministre de l\u2019\u00c9conomie et des Finances, M. Sid\u2019Ahmed Ould Bouh, accompagn\u00e9 du ministre d\u00e9l\u00e9gu\u00e9 charg\u00e9 du Budget, M. Codioro Moussa N\u2019Guenore et du gouverneur de la Banque Centrale de Mauritanie (BCM), M. Mohamed Lemine Dhehby, avaient assist\u00e9 \u00e0 cette sortie m\u00e9diatique organis\u00e9e au si\u00e8ge de la BCM \u00e0 Nouakchott.<\/p>\n<p>Ce point de presse est l\u2019aboutissement de deux semaines de consultations men\u00e9es par la mission du FMI en Mauritanie pour le suivi des programmes conjoints et des relations, qui se sont achev\u00e9es par la conclusion d\u2019un programme de r\u00e9formes et d\u2019un accord entre la Mauritanie et cet organisme financier international.<\/p>\n<p>Cette conf\u00e9rence vise \u00e9galement \u00e0 informer l\u2019opinion publique sur la situation \u00e9conomique globale du pays \u00e0 l\u2019issue de la visite de la mission, ainsi que sur le contenu du chapitre IV de la Charte du FMI relatif \u00e0 la troisi\u00e8me revue des accords dans le domaine de la Facilit\u00e9 \u00c9largie de Cr\u00e9dit (FEC), du M\u00e9canisme de Soutien \u00c9largi (MSE) et de la Facilit\u00e9 de R\u00e9silience et de Durabilit\u00e9 (FRS).<\/p>\n<p>Au cours de la conf\u00e9rence de presse, le ministre de l\u2019\u00c9conomie et des Finances a salu\u00e9 le haut niveau d\u2019appui technique et financier apport\u00e9 par le FMI \u00e0 notre pays pour accompagner les grandes r\u00e9formes entreprises par le gouvernement sur le plan financier et \u00e9conomique pour relancer le d\u00e9veloppement.<\/p>\n<p>Il a indiqu\u00e9 que l\u2019accord conclu aujourd\u2019hui avec la mission du FMI, apr\u00e8s deux semaines de travail et de consultations avec la mission, d\u00e9montre l\u2019efficacit\u00e9 des politiques \u00e9conomiques du pays, notant dans ce contexte que les choix \u00e9conomiques du gouvernement visent principalement \u00e0 mobiliser les ressources publiques n\u00e9cessaires \u00e0 l\u2019investissement, \u00e0 cr\u00e9er des emplois gr\u00e2ce \u00e0 ces investissements et \u00e0 changer les conditions de vie des citoyens mauritaniens en r\u00e9duisant les taux de pauvret\u00e9, en particulier pour les plus pauvres et les plus vuln\u00e9rables.<\/p>\n<p>Cet objectif ne peut \u00eatre atteint que par une gouvernance \u00e9conomique int\u00e9gr\u00e9e et l\u2019efficacit\u00e9 des politiques \u00e9conomiques en r\u00e9duisant la d\u00e9pendance du march\u00e9 \u00e9conomique, en diversifiant les ressources de l\u2019\u00e9conomie et en cr\u00e9ant des opportunit\u00e9s d\u2019emploi pour les citoyens, a-t-il ajout\u00e9.<\/p>\n<p>Le ministre de l\u2019\u00e9conomie et des finances a conclu que la politique d\u2019endettement de la Mauritanie est efficace, estimant que les niveaux d\u2019endettement du pays sont tr\u00e8s acceptables, notant que le risque d\u2019endettement pour la Mauritanie se situe \u00e0 des niveaux moyens \u00e0 faibles, le ratio dette\/PIB atteignant \u00e0 peine 40 %, ce qui est tr\u00e8s rassurant, et le gouvernement s\u2019emploie \u00e0 consolider ces r\u00e9sultats au m\u00eame rythme.<\/p>\n<p>Pour sa part, le gouverneur de la Banque centrale de Mauritanie a fait observer que les indicateurs positifs de l\u2019\u00e9conomie nationale ont montr\u00e9 des perspectives \u00e9conomiques prometteuses, avec une croissance d\u00e9passant les 6,5% en 2023 gr\u00e2ce \u00e0 l\u2019am\u00e9lioration des performances des secteurs non extractifs (agriculture, d\u00e9veloppement de l\u2019\u00e9levage, p\u00eache\u2026) ainsi que les effets favorables de la gouvernance.<\/p>\n<p>Il a ajout\u00e9 qu\u2019il y a une volont\u00e9 constante de d\u00e9velopper le syst\u00e8me bancaire en Mauritanie, y compris l\u2019am\u00e9lioration de l\u2019efficacit\u00e9 des march\u00e9s financiers et l\u2019inclusion financi\u00e8re, ce qui contribue \u00e0 fournir un acc\u00e8s plus large aux services financiers.<\/p>\n<p>Les r\u00e9formes massives de la politique mon\u00e9taire ont contribu\u00e9 \u00e0 une augmentation du taux de change de 02%, des r\u00e9alisations dans l\u2019inclusion financi\u00e8re, la modernisation du march\u00e9 de change interbancaire, et l\u2019efficacit\u00e9 du march\u00e9 est en constante am\u00e9lioration et en croissance.<\/p>\n<p>Il a soulign\u00e9 que les autorit\u00e9s mauritaniennes se sont engag\u00e9es dans un programme de r\u00e9formes avec le Fonds mon\u00e9taire international (FMI) pour promouvoir et consolider les r\u00e9formes \u00e9conomiques dans le pays ; il ne s\u2019agit pas d\u2019une crise ; les r\u00e9sultats de la politique de r\u00e9formes ont \u00e9t\u00e9 positifs et encourageants comme l\u2019a reconnu la mission du FMI ; les perspectives \u00e9conomiques sont prometteuses \u00e0 court et \u00e0 moyen terme ; et l\u2019endettement public est faible.<\/p>\n<p>senalioune<\/p>\n","protected":false},"excerpt":{"rendered":"<p>Le Fonds Mon\u00e9taire International (FMI) a f\u00e9licit\u00e9 les autorit\u00e9s mauritaniennes pour leur coop\u00e9ration et salu\u00e9 la bonne performance de la Mauritanie dans la mise en \u0153uvre des r\u00e9formes, qui sont sur la bonne voie selon le Fonds. En effet, ces r\u00e9formes ont am\u00e9lior\u00e9 les finances publiques, la politique mon\u00e9taire, la flexibilit\u00e9 du taux de change &hellip;<\/p>\n","protected":false},"author":2,"featured_media":12049,"comment_status":"open","ping_status":"open","sticky":false,"template":"","format":"standard","meta":{"footnotes":""},"categories":[18,2],"tags":[],"class_list":["post-12048","post","type-post","status-publish","format-standard","has-post-thumbnail","hentry","category-actualites","category-economie"],"_links":{"self":[{"href":"https:\/\/ladepeche.mr\/index.php?rest_route=\/wp\/v2\/posts\/12048","targetHints":{"allow":["GET"]}}],"collection":[{"href":"https:\/\/ladepeche.mr\/index.php?rest_route=\/wp\/v2\/posts"}],"about":[{"href":"https:\/\/ladepeche.mr\/index.php?rest_route=\/wp\/v2\/types\/post"}],"author":[{"embeddable":true,"href":"https:\/\/ladepeche.mr\/index.php?rest_route=\/wp\/v2\/users\/2"}],"replies":[{"embeddable":true,"href":"https:\/\/ladepeche.mr\/index.php?rest_route=%2Fwp%2Fv2%2Fcomments&post=12048"}],"version-history":[{"count":1,"href":"https:\/\/ladepeche.mr\/index.php?rest_route=\/wp\/v2\/posts\/12048\/revisions"}],"predecessor-version":[{"id":12050,"href":"https:\/\/ladepeche.mr\/index.php?rest_route=\/wp\/v2\/posts\/12048\/revisions\/12050"}],"wp:featuredmedia":[{"embeddable":true,"href":"https:\/\/ladepeche.mr\/index.php?rest_route=\/wp\/v2\/media\/12049"}],"wp:attachment":[{"href":"https:\/\/ladepeche.mr\/index.php?rest_route=%2Fwp%2Fv2%2Fmedia&parent=12048"}],"wp:term":[{"taxonomy":"category","embeddable":true,"href":"https:\/\/ladepeche.mr\/index.php?rest_route=%2Fwp%2Fv2%2Fcategories&post=12048"},{"taxonomy":"post_tag","embeddable":true,"href":"https:\/\/ladepeche.mr\/index.php?rest_route=%2Fwp%2Fv2%2Ftags&post=12048"}],"curies":[{"name":"wp","href":"https:\/\/api.w.org\/{rel}","templated":true}]}}