{"id":12051,"date":"2024-10-17T19:00:13","date_gmt":"2024-10-17T19:00:13","guid":{"rendered":"https:\/\/ladepeche.mr\/?p=12051"},"modified":"2024-10-17T18:38:09","modified_gmt":"2024-10-17T18:38:09","slug":"la-commission-nationale-des-droits-de-lhomme-rencontre-une-delegation-de-la-direction-executive-du-comite-contre-le-terrorisme","status":"publish","type":"post","link":"https:\/\/ladepeche.mr\/?p=12051","title":{"rendered":"La Commission nationale des Droits de l\u2019Homme rencontre une d\u00e9l\u00e9gation de la Direction ex\u00e9cutive du Comit\u00e9 contre le terrorisme"},"content":{"rendered":"<p>Le secr\u00e9taire g\u00e9n\u00e9ral de la Commission Nationale des Droits de l\u2019Homme (CNDH), M. Mohamed Ould Brahim, a tenu, jeudi \u00e0 Nouakchott, une r\u00e9union avec une d\u00e9l\u00e9gation de la direction ex\u00e9cutive du comit\u00e9 de lutte contre le terrorisme (CTED) du Conseil de s\u00e9curit\u00e9 des Nations unies, conduite par sa coordinatrice Monia Ben Hamou, qui effectue actuellement une visite en Mauritanie.<\/p>\n<p>Cette r\u00e9union vise \u00e0 \u00e9valuer les progr\u00e8s r\u00e9alis\u00e9s dans la mise en \u0153uvre des r\u00e9solutions du Conseil de s\u00e9curit\u00e9 relatives \u00e0 la lutte contre le terrorisme, et \u00e0 dialoguer sur les moyens de surmonter les d\u00e9fis.<\/p>\n<p>Au cours de la r\u00e9union, le secr\u00e9taire g\u00e9n\u00e9ral de la Commission nationale des droits de l\u2019homme a fait une pr\u00e9sentation d\u00e9taill\u00e9e du r\u00f4le et des fonctions de la Commission, des d\u00e9veloppements r\u00e9cents en mati\u00e8re de protection des droits de l\u2019homme, ainsi que de l\u2019\u00e9change de coop\u00e9ration et d\u2019informations entre la Commission et d\u2019autres entit\u00e9s.<\/p>\n<p>De son c\u00f4t\u00e9, la d\u00e9l\u00e9gation en visite a discut\u00e9 de son r\u00f4le et de ses t\u00e2ches en mati\u00e8re de lutte contre le terrorisme et des d\u00e9fis existants \u00e0 cet \u00e9gard.<\/p>\n<p>Des membres de la Commission nationale des droits de l\u2019homme et de son personnel d\u2019encadrement ont particip\u00e9 \u00e0 la r\u00e9union.<\/p>\n<p>Ami<\/p>\n","protected":false},"excerpt":{"rendered":"<p>Le secr\u00e9taire g\u00e9n\u00e9ral de la Commission Nationale des Droits de l\u2019Homme (CNDH), M. Mohamed Ould Brahim, a tenu, jeudi \u00e0 Nouakchott, une r\u00e9union avec une d\u00e9l\u00e9gation de la direction ex\u00e9cutive du comit\u00e9 de lutte contre le terrorisme (CTED) du Conseil de s\u00e9curit\u00e9 des Nations unies, conduite par sa coordinatrice Monia Ben Hamou, qui effectue actuellement &hellip;<\/p>\n","protected":false},"author":2,"featured_media":12052,"comment_status":"open","ping_status":"open","sticky":false,"template":"","format":"standard","meta":{"footnotes":""},"categories":[18],"tags":[],"class_list":["post-12051","post","type-post","status-publish","format-standard","has-post-thumbnail","hentry","category-actualites"],"_links":{"self":[{"href":"https:\/\/ladepeche.mr\/index.php?rest_route=\/wp\/v2\/posts\/12051","targetHints":{"allow":["GET"]}}],"collection":[{"href":"https:\/\/ladepeche.mr\/index.php?rest_route=\/wp\/v2\/posts"}],"about":[{"href":"https:\/\/ladepeche.mr\/index.php?rest_route=\/wp\/v2\/types\/post"}],"author":[{"embeddable":true,"href":"https:\/\/ladepeche.mr\/index.php?rest_route=\/wp\/v2\/users\/2"}],"replies":[{"embeddable":true,"href":"https:\/\/ladepeche.mr\/index.php?rest_route=%2Fwp%2Fv2%2Fcomments&post=12051"}],"version-history":[{"count":1,"href":"https:\/\/ladepeche.mr\/index.php?rest_route=\/wp\/v2\/posts\/12051\/revisions"}],"predecessor-version":[{"id":12053,"href":"https:\/\/ladepeche.mr\/index.php?rest_route=\/wp\/v2\/posts\/12051\/revisions\/12053"}],"wp:featuredmedia":[{"embeddable":true,"href":"https:\/\/ladepeche.mr\/index.php?rest_route=\/wp\/v2\/media\/12052"}],"wp:attachment":[{"href":"https:\/\/ladepeche.mr\/index.php?rest_route=%2Fwp%2Fv2%2Fmedia&parent=12051"}],"wp:term":[{"taxonomy":"category","embeddable":true,"href":"https:\/\/ladepeche.mr\/index.php?rest_route=%2Fwp%2Fv2%2Fcategories&post=12051"},{"taxonomy":"post_tag","embeddable":true,"href":"https:\/\/ladepeche.mr\/index.php?rest_route=%2Fwp%2Fv2%2Ftags&post=12051"}],"curies":[{"name":"wp","href":"https:\/\/api.w.org\/{rel}","templated":true}]}}