{"id":12054,"date":"2024-10-17T20:00:23","date_gmt":"2024-10-17T20:00:23","guid":{"rendered":"https:\/\/ladepeche.mr\/?p=12054"},"modified":"2024-10-17T18:43:59","modified_gmt":"2024-10-17T18:43:59","slug":"le-ministre-de-leconomie-et-des-finances-sentretient-avec-le-chef-de-la-delegation-de-lunion-europeenne","status":"publish","type":"post","link":"https:\/\/ladepeche.mr\/?p=12054","title":{"rendered":"Le ministre de l&#8217;\u00c9conomie et des Finances s&#8217;entretient avec le Chef de la D\u00e9l\u00e9gation de l&#8217;Union Europ\u00e9enne"},"content":{"rendered":"<p>Son Excellence le ministre de l&#8217;\u00c9conomie et des Finances, M. Sid&#8217;Ahmed Ould Bouh, a tenu jeudi matin, dans les locaux du minist\u00e8re, une r\u00e9union avec SEM Joaqu\u00edn Tasso Vilallonga, ambassadeur et Chef de la D\u00e9l\u00e9gation de l&#8217;Union Europ\u00e9enne, accompagn\u00e9 de certains de ses collaborateurs.<\/p>\n<p>La r\u00e9union a permis de discuter de la coordination, de l&#8217;activation et de la mise en \u0153uvre de l&#8217;appui budg\u00e9taire offert par l&#8217;Union Europ\u00e9enne, d&#8217;un montant de 100 millions d&#8217;euros sur deux ans.<\/p>\n<p>Cet appui s&#8217;inscrit dans le cadre du partenariat strat\u00e9gique entre notre pays et l&#8217;Union Europ\u00e9enne, qui demeure un partenaire cl\u00e9 dans le renforcement des efforts de d\u00e9veloppement de la Mauritanie.<\/p>\n<p>Ont pris part \u00e0 la r\u00e9union aux c\u00f4t\u00e9s du ministre, M. Mohamed Salem Ould Nani, directeur g\u00e9n\u00e9ral des Financements et de la Coop\u00e9ration \u00c9conomique, ainsi que M. Mahfoudh Ould Brahim, directeur g\u00e9n\u00e9ral adjoint et Coordinateur de la cellule Union Europ\u00e9enne.<\/p>\n<p>MEF<\/p>\n","protected":false},"excerpt":{"rendered":"<p>Son Excellence le ministre de l&#8217;\u00c9conomie et des Finances, M. Sid&#8217;Ahmed Ould Bouh, a tenu jeudi matin, dans les locaux du minist\u00e8re, une r\u00e9union avec SEM Joaqu\u00edn Tasso Vilallonga, ambassadeur et Chef de la D\u00e9l\u00e9gation de l&#8217;Union Europ\u00e9enne, accompagn\u00e9 de certains de ses collaborateurs. La r\u00e9union a permis de discuter de la coordination, de l&#8217;activation &hellip;<\/p>\n","protected":false},"author":2,"featured_media":12055,"comment_status":"open","ping_status":"open","sticky":false,"template":"","format":"standard","meta":{"footnotes":""},"categories":[18,2],"tags":[],"class_list":["post-12054","post","type-post","status-publish","format-standard","has-post-thumbnail","hentry","category-actualites","category-economie"],"_links":{"self":[{"href":"https:\/\/ladepeche.mr\/index.php?rest_route=\/wp\/v2\/posts\/12054","targetHints":{"allow":["GET"]}}],"collection":[{"href":"https:\/\/ladepeche.mr\/index.php?rest_route=\/wp\/v2\/posts"}],"about":[{"href":"https:\/\/ladepeche.mr\/index.php?rest_route=\/wp\/v2\/types\/post"}],"author":[{"embeddable":true,"href":"https:\/\/ladepeche.mr\/index.php?rest_route=\/wp\/v2\/users\/2"}],"replies":[{"embeddable":true,"href":"https:\/\/ladepeche.mr\/index.php?rest_route=%2Fwp%2Fv2%2Fcomments&post=12054"}],"version-history":[{"count":1,"href":"https:\/\/ladepeche.mr\/index.php?rest_route=\/wp\/v2\/posts\/12054\/revisions"}],"predecessor-version":[{"id":12056,"href":"https:\/\/ladepeche.mr\/index.php?rest_route=\/wp\/v2\/posts\/12054\/revisions\/12056"}],"wp:featuredmedia":[{"embeddable":true,"href":"https:\/\/ladepeche.mr\/index.php?rest_route=\/wp\/v2\/media\/12055"}],"wp:attachment":[{"href":"https:\/\/ladepeche.mr\/index.php?rest_route=%2Fwp%2Fv2%2Fmedia&parent=12054"}],"wp:term":[{"taxonomy":"category","embeddable":true,"href":"https:\/\/ladepeche.mr\/index.php?rest_route=%2Fwp%2Fv2%2Fcategories&post=12054"},{"taxonomy":"post_tag","embeddable":true,"href":"https:\/\/ladepeche.mr\/index.php?rest_route=%2Fwp%2Fv2%2Ftags&post=12054"}],"curies":[{"name":"wp","href":"https:\/\/api.w.org\/{rel}","templated":true}]}}