{"id":12057,"date":"2024-10-17T21:00:25","date_gmt":"2024-10-17T21:00:25","guid":{"rendered":"https:\/\/ladepeche.mr\/?p=12057"},"modified":"2024-10-17T18:46:54","modified_gmt":"2024-10-17T18:46:54","slug":"signature-du-communique-conjoint-sanctionnant-la-visite-du-chef-detat-major-de-larmee-nationale-populaire-algerienne-en-mauritanie","status":"publish","type":"post","link":"https:\/\/ladepeche.mr\/?p=12057","title":{"rendered":"Signature du communiqu\u00e9 conjoint sanctionnant la visite du chef d\u2019\u00e9tat-major de l\u2019arm\u00e9e nationale populaire alg\u00e9rienne en Mauritanie"},"content":{"rendered":"<article id=\"post-256641\" class=\"post-256641 post type-post status-publish format-standard has-post-thumbnail  category-a-la-une category-choix-du-redacteur category-fil-dactualite category-mauritanie single-post-content has-thumbnail\">\n<div class=\"entry-content clearfix single-post-content\">\n<p>La visite du chef d\u2019\u00e9tat-major de l\u2019arm\u00e9e nationale populaire alg\u00e9rienne (APNA), le g\u00e9n\u00e9ral d\u2019arm\u00e9e Sa\u00efd Changriha, du 15 au 17 octobre en Mauritanie, a \u00e9t\u00e9 couronn\u00e9e par la signature d\u2019un communiqu\u00e9 conjoint entre les commandements des arm\u00e9es mauritanienne et alg\u00e9rienne.<\/p>\n<p>Cette visite, qui s\u2019inscrit dans le cadre des relations de coop\u00e9ration militaire entre les deux pays fr\u00e8res, a \u00e9t\u00e9 marqu\u00e9e par une s\u00e9rie de rencontres avec le ministre de la D\u00e9fense nationale, Hanena Ould Sidi, et entre le chef d\u2019\u00e9tat-major g\u00e9n\u00e9ral des arm\u00e9es, le g\u00e9n\u00e9ral de division Mokhtar Bella Chaabane, et son h\u00f4te, le chef d\u2019\u00e9tat-major de l\u2019arm\u00e9e nationale populaire alg\u00e9rienne, en pr\u00e9sence des membres des d\u00e9l\u00e9gations militaires mauritanienne et alg\u00e9rienne.<\/p>\n<p>Ces rencontres ont \u00e9t\u00e9 consacr\u00e9es \u00e0 l\u2019examen des moyens susceptibles de renforcer la coop\u00e9ration militaire bilat\u00e9rale existante entre la Mauritanie et l\u2019Alg\u00e9rie et la promouvoir vers de nouveaux horizons, notamment le partenariat entre les deux pays dans la lutte contre l\u2019extr\u00e9misme violent et le crime organis\u00e9 que connait la r\u00e9gion du Sahel.<\/p>\n<p>Jeudi matin, les deux d\u00e9l\u00e9gations ont \u00e9galement effectu\u00e9 des visites au Coll\u00e8ge de D\u00e9fense du G5 Sahel et \u00e0 l\u2019\u00c9cole Sup\u00e9rieure Polytechnique de Nouakchott.<\/p>\n<p>Ces visites ont permis \u00e0 la d\u00e9l\u00e9gation alg\u00e9rienne de s\u2019informer sur les missions assign\u00e9es aux deux institutions dans le domaine de la formation et de la pr\u00e9paration des personnels militaires et civils dans notre pays.<\/p>\n<p>La d\u00e9l\u00e9gation \u00e9tait accompagn\u00e9e de l\u2019ambassadeur d\u2019Alg\u00e9rie en Mauritanie, S.E. M. Mohamed Ben Attou, et du Commandant Adjoint de la Division de la Coop\u00e9ration Militaire, le Colonel Isselmou Beydia Messaoud.<\/p>\n<div class=\"heateorSssClear\">Ami<\/div>\n<\/div>\n<\/article>\n","protected":false},"excerpt":{"rendered":"<p>La visite du chef d\u2019\u00e9tat-major de l\u2019arm\u00e9e nationale populaire alg\u00e9rienne (APNA), le g\u00e9n\u00e9ral d\u2019arm\u00e9e Sa\u00efd Changriha, du 15 au 17 octobre en Mauritanie, a \u00e9t\u00e9 couronn\u00e9e par la signature d\u2019un communiqu\u00e9 conjoint entre les commandements des arm\u00e9es mauritanienne et alg\u00e9rienne. Cette visite, qui s\u2019inscrit dans le cadre des relations de coop\u00e9ration militaire entre les deux &hellip;<\/p>\n","protected":false},"author":2,"featured_media":12058,"comment_status":"open","ping_status":"open","sticky":false,"template":"","format":"standard","meta":{"footnotes":""},"categories":[18],"tags":[],"class_list":["post-12057","post","type-post","status-publish","format-standard","has-post-thumbnail","hentry","category-actualites"],"_links":{"self":[{"href":"https:\/\/ladepeche.mr\/index.php?rest_route=\/wp\/v2\/posts\/12057","targetHints":{"allow":["GET"]}}],"collection":[{"href":"https:\/\/ladepeche.mr\/index.php?rest_route=\/wp\/v2\/posts"}],"about":[{"href":"https:\/\/ladepeche.mr\/index.php?rest_route=\/wp\/v2\/types\/post"}],"author":[{"embeddable":true,"href":"https:\/\/ladepeche.mr\/index.php?rest_route=\/wp\/v2\/users\/2"}],"replies":[{"embeddable":true,"href":"https:\/\/ladepeche.mr\/index.php?rest_route=%2Fwp%2Fv2%2Fcomments&post=12057"}],"version-history":[{"count":1,"href":"https:\/\/ladepeche.mr\/index.php?rest_route=\/wp\/v2\/posts\/12057\/revisions"}],"predecessor-version":[{"id":12059,"href":"https:\/\/ladepeche.mr\/index.php?rest_route=\/wp\/v2\/posts\/12057\/revisions\/12059"}],"wp:featuredmedia":[{"embeddable":true,"href":"https:\/\/ladepeche.mr\/index.php?rest_route=\/wp\/v2\/media\/12058"}],"wp:attachment":[{"href":"https:\/\/ladepeche.mr\/index.php?rest_route=%2Fwp%2Fv2%2Fmedia&parent=12057"}],"wp:term":[{"taxonomy":"category","embeddable":true,"href":"https:\/\/ladepeche.mr\/index.php?rest_route=%2Fwp%2Fv2%2Fcategories&post=12057"},{"taxonomy":"post_tag","embeddable":true,"href":"https:\/\/ladepeche.mr\/index.php?rest_route=%2Fwp%2Fv2%2Ftags&post=12057"}],"curies":[{"name":"wp","href":"https:\/\/api.w.org\/{rel}","templated":true}]}}