{"id":12066,"date":"2024-10-17T21:34:53","date_gmt":"2024-10-17T21:34:53","guid":{"rendered":"https:\/\/ladepeche.mr\/?p=12066"},"modified":"2024-10-17T21:34:53","modified_gmt":"2024-10-17T21:34:53","slug":"guerre-israel-gaza-le-chef-du-hamas-yahya-sinwar-tue-au-nord-de-rafah","status":"publish","type":"post","link":"https:\/\/ladepeche.mr\/?p=12066","title":{"rendered":"Guerre Isra\u00ebl-Gaza: le chef du Hamas Yahya Sinwar tu\u00e9 au nord de Rafah"},"content":{"rendered":"<p class=\"t-content__chapo\">Isra\u00ebl a annonc\u00e9 ce jeudi 17 octobre avoir tu\u00e9 le chef du Hamas, Yahya Sinwar, lors d&#8217;une op\u00e9ration dans la bande de Gaza.<\/p>\n<div class=\"t-content__dates t-content__dates--reading-time\">\n<p>Le ministre des Affaires \u00e9trang\u00e8res isra\u00e9lien a confirm\u00e9 ce jeudi soir la mort du chef de Hamas Yahya Sinwar. L\u2019arm\u00e9e isra\u00e9lienne a proc\u00e9d\u00e9 \u00e0 des v\u00e9rifications au cours de la journ\u00e9e apr\u00e8s une op\u00e9ration men\u00e9e \u00e0 Gaza.<\/p>\n<p>Yahya Sinwar, militant radical et homme de l&#8217;ombre, \u00e9tait consid\u00e9r\u00e9 comme l&#8217;un des cerveaux de l&#8217;attaque d&#8217;une ampleur sans pr\u00e9c\u00e9dent men\u00e9e par le Hamas le\u00a0<a href=\"https:\/\/www.rfi.fr\/fr\/moyen-orient\/20241007-isra%C3%ABl-gaza-7-octobre-2023-le-jour-o%C3%B9-une-nouvelle-guerre-a-d%C3%A9but%C3%A9\" target=\"_self\" rel=\"noopener\"><strong>7 octobre 2023<\/strong><\/a>\u00a0sur le sol isra\u00e9lien. Attaque \u00e0 la suite de laquelle Isra\u00ebl\u00a0a d\u00e9clench\u00e9 la guerre dans l\u2019enclave palestinienne et dans la r\u00e9gion.<\/p>\n<p>\u00c2g\u00e9 de 61 ans, originaire de Khan Youn\u00e8s, il est d&#8217;abord militant contre l&#8217;occupation isra\u00e9lienne \u00e0 l&#8217;universit\u00e9 islamique de Gaza. Il participe \u00e0 la formation d&#8217;un r\u00e9seau de combattants qui deviendra la branche arm\u00e9e du Hamas. Il rejoint le mouvement islamiste rapidement apr\u00e8s sa formation en 1987, puis il fonde en 1988 le\u00a0Majd, le service de s\u00e9curit\u00e9 int\u00e9rieure du Hamas. Il est notamment charg\u00e9 de la traque des informateurs. Depuis 2017, il \u00e9tait chef du Hamas \u00e0 Gaza, qu\u2019il entendait vouloir d\u00e9velopper \u00e9conomiquement.\u00a0Apr\u00e8s la mort d&#8217;Isma\u00efl Haniyeh, tu\u00e9 \u00e0 T\u00e9h\u00e9ran le 31 juillet dans une attaque imput\u00e9e \u00e0 Isra\u00ebl, il est nomm\u00e9 d\u00e9but ao\u00fbt chef politique du Hamas.<\/p>\n<p>\u00ab\u00a0<em>Choisir Yahya Sinwar, c&#8217;est montrer qu&#8217;on est toujours pr\u00e9sent \u00e0 Gaza, qu&#8217;on tient militairement et qu&#8217;on ne souhaite pas capituler<\/em>, expliquait alors \u00e0 RFI\u00a0<a href=\"https:\/\/www.rfi.fr\/fr\/podcasts\/invit%C3%A9-international\/20240807-yahya-sinouar-%C3%A0-la-t%C3%AAte-du-hamas-c-est-d%C3%A9j%C3%A0-lui-qui-d%C3%A9tenait-la-r%C3%A9alit%C3%A9-du-pouvoir\" target=\"_self\" rel=\"noopener\"><strong>Leila Seurat<\/strong><\/a>, chercheuse au Centre arabe de recherches et d\u2019\u00e9tudes politiques \u00e0 Paris (Carep).\u00a0<em>C&#8217;est ce qui fait aussi consensus au sein des autres factions palestiniennes \u00e0 Gaza et le reste de la population qui est dans une logique de r\u00e9silience face \u00e0 une politique d&#8217;extermination. Sa nomination repr\u00e9sente en fait un enjeu de survie.<\/em>\u00a0<em>\u00bb<\/em><\/p>\n<p>Yahya Sinwar \u00e9tait pass\u00e9 plusieurs fois dans les ge\u00f4les isra\u00e9liennes, dans lesquelles il apprend l&#8217;h\u00e9breu et se familiarise avec la politique int\u00e9rieure du pays dans la volont\u00e9 de \u00ab mieux comprendre l&#8217;ennemi \u00bb\u00a0: en 1982,\u00a0en 1985, puis en 1988. Condamn\u00e9 \u00e0 quatre peines de prison \u00e0 perp\u00e9tuit\u00e9, il est finalement rel\u00e2ch\u00e9 en 2011 dans le cadre d&#8217;un \u00e9change de prisonniers visant \u00e0 lib\u00e9rer le soldat Gilat Shalit.<\/p>\n<h2>Le sort des Palestiniens<\/h2>\n<p>Sur le plan politique, il pr\u00f4nait une direction palestinienne unie pour tous les Territoires occup\u00e9s\u00a0: la bande de Gaza, tenue par le Hamas, la Cisjordanie, administr\u00e9e par l&#8217;Autorit\u00e9 palestinienne de Mahmoud Abbas, et J\u00e9rusalem-Est. \u00ab\u00a0<em>Il a fait savoir qu&#8217;il punirait quiconque tenterait d&#8217;entraver la r\u00e9conciliation avec le Fatah\u00a0<\/em>\u00bb (le parti pr\u00e9sidentiel, NDLR), rappelle le European Council on Foreign Relations (ECFR) \u00e0 l&#8217;AFP. \u00ab\u00a0<em>\u00c0 plusieurs reprises, il a propos\u00e9 une tr\u00eave de longue dur\u00e9e avec Isra\u00ebl si le pays se retirait de la Cisjordanie, de la bande de Gaza et de J\u00e9rusalem-Est\u00a0<\/em>\u00bb, rappelle Khaled al-Hroub, sp\u00e9cialiste du Moyen-Orient \u00e0 l&#8217;universit\u00e9 Northwestern au Qatar.<\/p>\n<p>Co\u00fbte que co\u00fbte, il entendait forcer Isra\u00ebl et le monde \u00e0 s&#8217;int\u00e9resser au sort des Palestiniens. La strat\u00e9gie de la respectabilit\u00e9 des \u00ab politiques \u00bb du Hamas \u00e9choue : il choisira la violence.\u00a0\u00c0 la mi-septembre, il avait affirm\u00e9 que le Hamas \u00e9tait pr\u00eat pour une \u00ab\u00a0<em>longue guerre d&#8217;usure<\/em>\u00a0\u00bb contre Isra\u00ebl avec le soutien du Hezbollah libanais, des rebelles houthis au Y\u00e9men et de l&#8217;Iran.<\/p>\n<p>Peu avant l\u2019annonce officielle de la mort de Yahya Sinwar, dont la\u00a0derni\u00e8re apparition publique datait d&#8217;octobre 2023, le ministre isra\u00e9lien de la D\u00e9fense, Yoav Gallant, a \u00e9crit sur Twitter : \u00ab\u00a0<em>Nous atteindrons chaque terroriste et nous les \u00e9liminerons\u00a0<\/em>\u00bb. D\u00e8s le 22 octobre 2023, les m\u00e9dias isra\u00e9liens affirmaient que l&#8217;\u00c9tat h\u00e9breu avait mis sur pied une op\u00e9ration sp\u00e9ciale charg\u00e9e d&#8217;\u00e9liminer les membres du Hamas impliqu\u00e9s dans l&#8217;attaque du 7 octobre. Nom de code\u00a0: Nili, l&#8217;acronyme de l&#8217;expression biblique \u00ab l&#8217;\u00c9ternel d&#8217;Isra\u00ebl ne mentira pas \u00bb. Une \u00ab\u00a0op\u00e9ration sp\u00e9ciale \u00bb qui a tu\u00e9\u00a0plus de 42 000 Palestiniens dans la bande de Gaza en un an.<\/p>\n<p>Rfi<\/p>\n<\/div>\n","protected":false},"excerpt":{"rendered":"<p>Isra\u00ebl a annonc\u00e9 ce jeudi 17 octobre avoir tu\u00e9 le chef du Hamas, Yahya Sinwar, lors d&#8217;une op\u00e9ration dans la bande de Gaza. Le ministre des Affaires \u00e9trang\u00e8res isra\u00e9lien a confirm\u00e9 ce jeudi soir la mort du chef de Hamas Yahya Sinwar. L\u2019arm\u00e9e isra\u00e9lienne a proc\u00e9d\u00e9 \u00e0 des v\u00e9rifications au cours de la journ\u00e9e apr\u00e8s &hellip;<\/p>\n","protected":false},"author":2,"featured_media":12067,"comment_status":"open","ping_status":"open","sticky":false,"template":"","format":"standard","meta":{"footnotes":""},"categories":[18,29],"tags":[],"class_list":["post-12066","post","type-post","status-publish","format-standard","has-post-thumbnail","hentry","category-actualites","category-monde"],"_links":{"self":[{"href":"https:\/\/ladepeche.mr\/index.php?rest_route=\/wp\/v2\/posts\/12066","targetHints":{"allow":["GET"]}}],"collection":[{"href":"https:\/\/ladepeche.mr\/index.php?rest_route=\/wp\/v2\/posts"}],"about":[{"href":"https:\/\/ladepeche.mr\/index.php?rest_route=\/wp\/v2\/types\/post"}],"author":[{"embeddable":true,"href":"https:\/\/ladepeche.mr\/index.php?rest_route=\/wp\/v2\/users\/2"}],"replies":[{"embeddable":true,"href":"https:\/\/ladepeche.mr\/index.php?rest_route=%2Fwp%2Fv2%2Fcomments&post=12066"}],"version-history":[{"count":1,"href":"https:\/\/ladepeche.mr\/index.php?rest_route=\/wp\/v2\/posts\/12066\/revisions"}],"predecessor-version":[{"id":12068,"href":"https:\/\/ladepeche.mr\/index.php?rest_route=\/wp\/v2\/posts\/12066\/revisions\/12068"}],"wp:featuredmedia":[{"embeddable":true,"href":"https:\/\/ladepeche.mr\/index.php?rest_route=\/wp\/v2\/media\/12067"}],"wp:attachment":[{"href":"https:\/\/ladepeche.mr\/index.php?rest_route=%2Fwp%2Fv2%2Fmedia&parent=12066"}],"wp:term":[{"taxonomy":"category","embeddable":true,"href":"https:\/\/ladepeche.mr\/index.php?rest_route=%2Fwp%2Fv2%2Fcategories&post=12066"},{"taxonomy":"post_tag","embeddable":true,"href":"https:\/\/ladepeche.mr\/index.php?rest_route=%2Fwp%2Fv2%2Ftags&post=12066"}],"curies":[{"name":"wp","href":"https:\/\/api.w.org\/{rel}","templated":true}]}}