{"id":12069,"date":"2024-10-18T15:09:42","date_gmt":"2024-10-18T15:09:42","guid":{"rendered":"https:\/\/ladepeche.mr\/?p=12069"},"modified":"2024-10-18T15:09:42","modified_gmt":"2024-10-18T15:09:42","slug":"ministre-de-leconomie-et-des-finances-les-depenses-dinvestissements-representent-44-du-budget-2025","status":"publish","type":"post","link":"https:\/\/ladepeche.mr\/?p=12069","title":{"rendered":"Ministre de l\u2019\u00c9conomie et des Finances : les d\u00e9penses d\u2019investissements repr\u00e9sentent 44% du budget 2025"},"content":{"rendered":"<p>Des membres du gouvernement ont comment\u00e9, jeudi, les r\u00e9sultats du conseil des ministres qui s\u2019est d\u00e9roul\u00e9 plus t\u00f4t dans la matin\u00e9e. Il s\u2019agit du ministre de la Formation professionnelle, de l\u2019Artisanat et des M\u00e9tiers, porte-parole du gouvernement par int\u00e9rim, M. Mohamed Maalainine Ould Eyih, et du ministre de l\u2019Economie et des Finances, M. Sid\u2019Ahmed Ould Bouh.<\/p>\n<p>Dans son mot introductif, le porte-parole du gouvernement a indiqu\u00e9 que le conseil a examin\u00e9 et adopt\u00e9 plusieurs projets de lois, de d\u00e9crets et des communications dont ceux relatifs \u00e0 la loi de Finance 2025, la d\u00e9claration d\u2019utilit\u00e9 publique de l\u2019espace sur lequel les travaux de construction du pont Haysaken doivent avoir lieu, et une communication relative \u00e0 la campagne de lutte contre les feux de brousse.<\/p>\n<p>Il a ensuite invit\u00e9 son homologue ministre \u00e0 apporter davantage de pr\u00e9cisions.<\/p>\n<p>Le ministre de l\u2019Economie et des Finance a pass\u00e9 en revue les points saillants de la loi de Finances 2025. D\u2019apr\u00e8s le ministre, la loi de Finances est l\u2019outil qui convertit en projets le programme du Pr\u00e9sident de la R\u00e9publique sur la base duquel il a \u00e9t\u00e9 r\u00e9\u00e9lu. Il a aussi soulign\u00e9 qu\u2019il intervient dans un contexte \u00e9conomique difficile, aussi bien au niveau international que national, d\u2019o\u00f9 la n\u00e9cessit\u00e9 de fournir davantage d\u2019efforts.<\/p>\n<p>Le ministre a aussi pr\u00e9cis\u00e9 que le gouvernement va concr\u00e9tiser ces engagements, en mettant plus de ressources pour le financement de projets strat\u00e9giques. Cela va des secteurs vitaux comme l\u2019eau ou l\u2019\u00e9nergie \u00e0 l\u2019agriculture et l\u2019\u00e9ducation, entre autres.<\/p>\n<p>Ainsi, le projet de loi de Finances 2025 s\u2019\u00e9quilibre en recettes et en d\u00e9penses \u00e0 la somme 116.872.310.000 MRU contre 107.715.543.255 MRU dans la loi de finances rectificative de l\u2019ann\u00e9e 2024, a pr\u00e9cis\u00e9 le ministre. Il s\u2019agit d\u2019une hausse de 8,50%.<\/p>\n<p>Concernant les investissements \u00e9voqu\u00e9s plus haut, le ministre a indiqu\u00e9 que les d\u00e9penses pr\u00e9vues pour cette ligne vont atteindre 44% du budget. Il a poursuivi en relevant que pour la premi\u00e8re, l\u2019Etat privil\u00e9gie l\u2019autofinancement \u00e0 hauteur de 76%. Le reste sera mobilis\u00e9 aupr\u00e8s des diff\u00e9rents partenaires du pays.<\/p>\n<p>Pour ce qui est du taux de croissance en 2025, le ministre a affirm\u00e9 qu\u2019il sera de 5,5% d\u2019apr\u00e8s les projections, tandis que celui de 2024 serait de 5,4%. Le Produit Int\u00e9rieur Brut, quant \u00e0 lui, devrait atteindre 447,4 milliards MRU en 2025 contre 415 milliards MRU en 2024, a soulign\u00e9 le ministre, notant que l\u2019inflation devrait atteindre 4% en 2024.<\/p>\n<p>Le ministre a en outre bross\u00e9 quelques projets \u00e0 venir. Ainsi, il a \u00e9voqu\u00e9 la cr\u00e9ation d\u2019une nouvelle centrale \u00e9lectrique, le d\u00e9senclavement des zones disposant de terres arables, le r\u00e9seau d\u2019assainissement de la ville de Nouakchott et l\u2019am\u00e9nagement d\u2019espaces agricoles pour contribuer \u00e0 l\u2019autonomisation des jeunes.<\/p>\n<p>Le ministre de l\u2019\u00c9conomie a par ailleurs r\u00e9pondu \u00e0 plusieurs questions, notamment celles relatives \u00e0 l\u2019activit\u00e9 de la soci\u00e9t\u00e9 mauritanienne d\u2019\u00e9lectricit\u00e9. D\u2019apr\u00e8s lui, l\u2019Etat la soutient encore le temps qu\u2019elle puisse s\u2019autog\u00e9rer. Il a d\u00e9clar\u00e9 que la soci\u00e9t\u00e9 m\u00e8ne une campagne de recouvrement, que la fourniture de l\u2019\u00e9lectricit\u00e9 est une activit\u00e9 commerciale et donc payante.<\/p>\n<p>Le ministre a aussi pr\u00e9cis\u00e9 que les mesures douani\u00e8res qui sont actuellement en cours sont maintenues. Toutefois, le projet de loi de finances 2025 int\u00e8gre une taxe carbone. Il a affirm\u00e9 que plus d\u2019un million de tonnes de fuel est introduit en Mauritanie, chaque ann\u00e9e. Il s\u2019agit donc de ressources en plus pour l\u2019Etat et contribue \u00e0 la r\u00e9silience face au changement climatique.<\/p>\n<p>De son c\u00f4t\u00e9, le porte-parole du gouvernement par int\u00e9rim est revenu sur les cas de malaria survenus derni\u00e8rement en Mauritanie. Il s\u2019est inclin\u00e9 sur la m\u00e9moire des personnes disparues. Concernant la prise en charge de ce fl\u00e9au, le porte-parole a d\u00e9clar\u00e9 que le ministre dispose d\u2019une cellule d\u2019alerte et d\u2019urgence qui est op\u00e9rationnelle. La situation, selon lui, est sous contr\u00f4le. Il a rappel\u00e9 que les cas de malaria apparaissent souvent en saison de pluie et que les services du minist\u00e8re ont l\u2019habitude de g\u00e9rer cette situation.<\/p>\n<p>Interpell\u00e9 sur la visite de la Pr\u00e9sidente de l\u2019Inde en Mauritanie, le porte-parole a affirm\u00e9 qu\u2019il \u00e9tait question de discuter de la coop\u00e9ration entre les deux pays, mais aussi de la situation du continent.<\/p>\n<p>Il s\u2019est appesanti sur le leadership du Pr\u00e9sident de la R\u00e9publique, Pr\u00e9sident de l\u2019Union Africaine, qui a eu une activit\u00e9 intense sur le plan international (France, Allemagne, C\u00f4te d\u2019Ivoire, Libye), gr\u00e2ce \u00e0 sa double casquette et la partition qu\u2019il joue dans le concert des nations.<\/p>\n<p>Pour ce qui est des inondations dans le sud du pays, le porte-parole a soulign\u00e9 que les pr\u00e9visions avaient montr\u00e9 une hausse du niveau du fleuve, suite aux pluies torrentielles qu\u2019a connu la r\u00e9gion. D\u2019apr\u00e8s lui, un comit\u00e9 interminist\u00e9riel a \u00e9t\u00e9 mis en place et des \u00e9quipes ont \u00e9t\u00e9 d\u00e9ploy\u00e9s afin de g\u00e9rer la situation.<\/p>\n<p>Enfin, il a rappel\u00e9 que son d\u00e9partement (formation professionnelle) travaille sur la base d\u2019une strat\u00e9gie pour am\u00e9liorer le rapport entre le besoin du march\u00e9 et les comp\u00e9tences techniques des apprenants devant embrasser la vie active.<\/p>\n<p>Ami<\/p>\n","protected":false},"excerpt":{"rendered":"<p>Des membres du gouvernement ont comment\u00e9, jeudi, les r\u00e9sultats du conseil des ministres qui s\u2019est d\u00e9roul\u00e9 plus t\u00f4t dans la matin\u00e9e. Il s\u2019agit du ministre de la Formation professionnelle, de l\u2019Artisanat et des M\u00e9tiers, porte-parole du gouvernement par int\u00e9rim, M. Mohamed Maalainine Ould Eyih, et du ministre de l\u2019Economie et des Finances, M. Sid\u2019Ahmed Ould &hellip;<\/p>\n","protected":false},"author":2,"featured_media":12070,"comment_status":"open","ping_status":"open","sticky":false,"template":"","format":"standard","meta":{"footnotes":""},"categories":[18,2],"tags":[],"class_list":["post-12069","post","type-post","status-publish","format-standard","has-post-thumbnail","hentry","category-actualites","category-economie"],"_links":{"self":[{"href":"https:\/\/ladepeche.mr\/index.php?rest_route=\/wp\/v2\/posts\/12069","targetHints":{"allow":["GET"]}}],"collection":[{"href":"https:\/\/ladepeche.mr\/index.php?rest_route=\/wp\/v2\/posts"}],"about":[{"href":"https:\/\/ladepeche.mr\/index.php?rest_route=\/wp\/v2\/types\/post"}],"author":[{"embeddable":true,"href":"https:\/\/ladepeche.mr\/index.php?rest_route=\/wp\/v2\/users\/2"}],"replies":[{"embeddable":true,"href":"https:\/\/ladepeche.mr\/index.php?rest_route=%2Fwp%2Fv2%2Fcomments&post=12069"}],"version-history":[{"count":1,"href":"https:\/\/ladepeche.mr\/index.php?rest_route=\/wp\/v2\/posts\/12069\/revisions"}],"predecessor-version":[{"id":12071,"href":"https:\/\/ladepeche.mr\/index.php?rest_route=\/wp\/v2\/posts\/12069\/revisions\/12071"}],"wp:featuredmedia":[{"embeddable":true,"href":"https:\/\/ladepeche.mr\/index.php?rest_route=\/wp\/v2\/media\/12070"}],"wp:attachment":[{"href":"https:\/\/ladepeche.mr\/index.php?rest_route=%2Fwp%2Fv2%2Fmedia&parent=12069"}],"wp:term":[{"taxonomy":"category","embeddable":true,"href":"https:\/\/ladepeche.mr\/index.php?rest_route=%2Fwp%2Fv2%2Fcategories&post=12069"},{"taxonomy":"post_tag","embeddable":true,"href":"https:\/\/ladepeche.mr\/index.php?rest_route=%2Fwp%2Fv2%2Ftags&post=12069"}],"curies":[{"name":"wp","href":"https:\/\/api.w.org\/{rel}","templated":true}]}}