{"id":12075,"date":"2024-10-18T19:27:55","date_gmt":"2024-10-18T19:27:55","guid":{"rendered":"https:\/\/ladepeche.mr\/?p=12075"},"modified":"2024-10-18T19:27:55","modified_gmt":"2024-10-18T19:27:55","slug":"guerre-en-ukraine-selon-la-coree-du-sud-pyongyang-va-fournir-12-000-soldats-a-moscou","status":"publish","type":"post","link":"https:\/\/ladepeche.mr\/?p=12075","title":{"rendered":"Guerre en Ukraine: selon la Cor\u00e9e du Sud, Pyongyang va fournir \u00ab12 000 soldats\u00bb \u00e0 Moscou"},"content":{"rendered":"<p class=\"t-content__chapo\">Des soldats nord-cor\u00e9ens en Russie ? C&#8217;est ce qu&#8217;affirment les renseignements ukrainiens et sud-cor\u00e9ens ce vendredi 18 octobre. Le pr\u00e9sident sud-cor\u00e9en Yoon Suk-yeol a r\u00e9uni en urgence ses renseignements et son personnel militaire pour \u00e9valuer les risques d&#8217;une participation nord-cor\u00e9enne au conflit ukrainien.<\/p>\n<div class=\"t-content__dates t-content__dates--reading-time\">\n<p>Ce serait la premi\u00e8re fois que la Cor\u00e9e du Nord d\u00e9ploie un nombre aussi important de troupes \u00e0 l&#8217;\u00e9tranger. D&#8217;apr\u00e8s les renseignements sud-cor\u00e9ens, quatre brigades d&#8217;infanterie nord-cor\u00e9ennes, dont des forces sp\u00e9ciales,\u00a0<a href=\"https:\/\/www.rfi.fr\/fr\/asie-pacifique\/20241016-pacte-de-d%C3%A9fense-mutuelle-russie-cor%C3%A9e-nord-est-clair-kremlin\" target=\"_self\" rel=\"noopener\"><strong>auraient \u00e9t\u00e9 d\u00e9ploy\u00e9es en Russie<\/strong><\/a>.\u00a0Le service de renseignements sud-cor\u00e9en \u00ab\u00a0<em>a d\u00e9tect\u00e9 du 8 au 13 (octobre) que la Cor\u00e9e du Nord a transport\u00e9 ses forces sp\u00e9ciales en Russie dans un navire de transport de la marine russe, confirmant le d\u00e9but de la participation militaire de la Cor\u00e9e du Nord\u00a0<\/em>\u00bb, a-t-il indiqu\u00e9 dans un communiqu\u00e9 vendredi 18 octobre, en publiant des images d\u00e9taill\u00e9es transmises par\u00a0satellite.<\/p>\n<h2>12 000 Nord-Cor\u00e9ens pourraient \u00eatre envoy\u00e9s en Russie<\/h2>\n<p>Toujours selon ces renseignements, la\u00a0<strong><a class=\"gtm-add-suggested-tag\" href=\"https:\/\/www.rfi.fr\/fr\/tag\/cor%C3%A9e-du-nord\/\" target=\"_self\" rel=\"noopener\">Cor\u00e9e du Nord<\/a><\/strong>\u00a0pourrait envoyer au total 12 000 hommes, dont 1\u00a0500 seraient d\u00e9j\u00e0 arriv\u00e9s \u00e0 Vladivostok, dans l&#8217;Extr\u00eame-Orient russe.<\/p>\n<p>Une nouvelle qui intervient apr\u00e8s que les renseignements ukrainiens ont, eux, annonc\u00e9 la mort il y a un peu plus d&#8217;une semaine de six officiers nord-cor\u00e9ens dans la r\u00e9gion du Donbass. Une pr\u00e9sence qui s&#8217;expliquerait par des missions d&#8217;observation des troupes russes.<\/p>\n<p>Pour l&#8217;heure, il reste impossible de confirmer la pr\u00e9sence de troupes nord-cor\u00e9ennes en Russie. Toutefois,\u00a0<strong><a class=\"gtm-add-suggested-tag\" href=\"https:\/\/www.rfi.fr\/fr\/tag\/vladimir-poutine\/\" target=\"_self\" rel=\"noopener\">Vladimir Poutine<\/a><\/strong>\u00a0et Kim Jong-un ont sign\u00e9, au mois de juin, un trait\u00e9 militaire qui promet une assistance en cas de conflit.<\/p>\n<p>Le minist\u00e8re de la D\u00e9fense sud-cor\u00e9en, en r\u00e9union de l&#8217;Otan \u00e0 Bruxelles, souhaite cependant clarifier la situation. Il est pour l&#8217;heure impossible de confirmer que ces personnels militaires nord-cor\u00e9ens soient destin\u00e9s au combat sur le front ukrainien.<\/p>\n<p>La\u00a0<a href=\"https:\/\/www.rfi.fr\/fr\/asie-pacifique\/20241008-s%C3%A9oul-juge-pr%C3%A9sence-soldats-nord-cor%C3%A9ens-pour-appuyer-la-russie-en-ukraine-tr%C3%A8s-probable\" target=\"_self\" rel=\"noopener\"><strong>Cor\u00e9e du Sud accuse depuis longtemps<\/strong><\/a>\u00a0le Nord de fournir des armes \u00e0 la Russie pour sa guerre en Ukraine, ce qui constituerait une violation des sanctions impos\u00e9es par l&#8217;ONU aux deux pays.\u00a0Le pr\u00e9sident sud-cor\u00e9en Yoon Suk-yeol a pr\u00e9sid\u00e9 vendredi une r\u00e9union d&#8217;urgence pour discuter des liens de plus en plus \u00e9troits entre les deux pays, vus comme une menace grandissante.<\/p>\n<p>La diplomatie ukrainienne a demand\u00e9 une r\u00e9action forte de ses alli\u00e9s et une acc\u00e9l\u00e9ration du soutien militaire occidental.\u00a0<em>\u00ab\u00a0La Cor\u00e9e du Nord soutient l&#8217;agression de la Russie contre l&#8217;Ukraine avec des armes et des effectifs. (&#8230;) Nous exigeons une r\u00e9action imm\u00e9diate et forte de la communaut\u00e9 euro-atlantique et du monde<\/em>\u00a0\u00bb, a \u00e9crit sur X le ministre ukrainien des Affaires \u00e9trang\u00e8res, Andri\u00ef Sybiga, en appelant notamment l&#8217;Occident \u00e0 lever les restrictions sur l&#8217;emploi d&#8217;armes longue port\u00e9e et \u00e0 \u00ab<em>\u00a0intercepter\u00a0<\/em>\u00bb des attaques de missiles et drones russes sur le territoire ukrainien.<\/p>\n<p>Le minist\u00e8re chinois des Affaires \u00e9trang\u00e8res a r\u00e9agi vendredi, d\u00e9clarant que \u00ab\u00a0<em>la position de la Chine sur la crise ukrainienne est coh\u00e9rente et claire. Nous esp\u00e9rons que toutes les parties s&#8217;efforceront de d\u00e9samorcer la situation et de s&#8217;engager en faveur d&#8217;un r\u00e8glement politique\u00a0<\/em>\u00bb. L&#8217;Otan a annonc\u00e9 sa \u00ab\u00a0<em>position officielle\u00a0<\/em>\u00bb sur le sujet, affirmant qu&#8217;elle ne peut \u00ab\u00a0<em>confirmer les informations selon lesquelles des Nord-Cor\u00e9ens sont activement engag\u00e9s comme soldats dans l&#8217;effort de guerre (russe)\u00a0<\/em>\u00bb. \u00ab\u00a0<em>Mais, bien s\u00fbr, cela peut changer<\/em>\u00a0\u00bb, a pr\u00e9cis\u00e9\u00a0le secr\u00e9taire g\u00e9n\u00e9ral de l&#8217;Otan, Mark Rutte, lors d&#8217;un point de presse au si\u00e8ge de l&#8217;Alliance. L&#8217;accroissement du soutien militaire de la Cor\u00e9e du nord \u00e0 la Russie est \u00ab<em>\u00a0tr\u00e8s inqui\u00e9tant\u00a0<\/em>\u00bb, a estim\u00e9 de son c\u00f4t\u00e9 la France.<\/p>\n<p>RFI<\/p>\n<\/div>\n","protected":false},"excerpt":{"rendered":"<p>Des soldats nord-cor\u00e9ens en Russie ? C&#8217;est ce qu&#8217;affirment les renseignements ukrainiens et sud-cor\u00e9ens ce vendredi 18 octobre. Le pr\u00e9sident sud-cor\u00e9en Yoon Suk-yeol a r\u00e9uni en urgence ses renseignements et son personnel militaire pour \u00e9valuer les risques d&#8217;une participation nord-cor\u00e9enne au conflit ukrainien. Ce serait la premi\u00e8re fois que la Cor\u00e9e du Nord d\u00e9ploie un &hellip;<\/p>\n","protected":false},"author":2,"featured_media":12076,"comment_status":"open","ping_status":"open","sticky":false,"template":"","format":"standard","meta":{"footnotes":""},"categories":[18,29],"tags":[],"class_list":["post-12075","post","type-post","status-publish","format-standard","has-post-thumbnail","hentry","category-actualites","category-monde"],"_links":{"self":[{"href":"https:\/\/ladepeche.mr\/index.php?rest_route=\/wp\/v2\/posts\/12075","targetHints":{"allow":["GET"]}}],"collection":[{"href":"https:\/\/ladepeche.mr\/index.php?rest_route=\/wp\/v2\/posts"}],"about":[{"href":"https:\/\/ladepeche.mr\/index.php?rest_route=\/wp\/v2\/types\/post"}],"author":[{"embeddable":true,"href":"https:\/\/ladepeche.mr\/index.php?rest_route=\/wp\/v2\/users\/2"}],"replies":[{"embeddable":true,"href":"https:\/\/ladepeche.mr\/index.php?rest_route=%2Fwp%2Fv2%2Fcomments&post=12075"}],"version-history":[{"count":1,"href":"https:\/\/ladepeche.mr\/index.php?rest_route=\/wp\/v2\/posts\/12075\/revisions"}],"predecessor-version":[{"id":12077,"href":"https:\/\/ladepeche.mr\/index.php?rest_route=\/wp\/v2\/posts\/12075\/revisions\/12077"}],"wp:featuredmedia":[{"embeddable":true,"href":"https:\/\/ladepeche.mr\/index.php?rest_route=\/wp\/v2\/media\/12076"}],"wp:attachment":[{"href":"https:\/\/ladepeche.mr\/index.php?rest_route=%2Fwp%2Fv2%2Fmedia&parent=12075"}],"wp:term":[{"taxonomy":"category","embeddable":true,"href":"https:\/\/ladepeche.mr\/index.php?rest_route=%2Fwp%2Fv2%2Fcategories&post=12075"},{"taxonomy":"post_tag","embeddable":true,"href":"https:\/\/ladepeche.mr\/index.php?rest_route=%2Fwp%2Fv2%2Ftags&post=12075"}],"curies":[{"name":"wp","href":"https:\/\/api.w.org\/{rel}","templated":true}]}}