{"id":12078,"date":"2024-10-18T20:00:46","date_gmt":"2024-10-18T20:00:46","guid":{"rendered":"https:\/\/ladepeche.mr\/?p=12078"},"modified":"2024-10-18T19:34:10","modified_gmt":"2024-10-18T19:34:10","slug":"mauritanie-le-fmi-prevoit-un-taux-de-croissance-de-46-en-2024-contre-65-en-2023","status":"publish","type":"post","link":"https:\/\/ladepeche.mr\/?p=12078","title":{"rendered":"Mauritanie : Le FMI pr\u00e9voit un taux de croissance de 4,6% en 2024 contre 6,5% en 2023"},"content":{"rendered":"<p>Une \u00e9quipe du Fonds mon\u00e9taire international (FMI), qui a s\u00e9journ\u00e9 \u00e0 Nouakchott, la capitale de la Mauritanie, du 3 au 16 octobre 2024, a d\u00e9clar\u00e9, \u00e0 l\u2019issue de sa mission, qu\u2019en d\u00e9pit de la r\u00e9silience de l\u2019\u00e9conomie nationale, la croissance devrait marquer un ralentissement en 2024 et \u00e0 moyen terme dans un contexte marqu\u00e9 par plusieurs d\u00e9fis dont le retard dans le d\u00e9marrage de l\u2019exploitation du projet gazier Greater Tortue Ahmeyim (GTA) et les chocs m\u00e9t\u00e9orologiques.<\/p>\n<p>\u00ab L\u2019\u00e9conomie mauritanienne devrait conna\u00eetre un certain ralentissement en 2024 avec un taux de croissance de 4,6% (contre 6,5% pour cent en 2023) refl\u00e9tant le ralentissement du secteur extractif \u00bb, a indiqu\u00e9, jeudi dans une d\u00e9claration, le chef de file de la mission, Felix Fischer.<\/p>\n<p>En 2025, le taux de croissance \u00e9conomique devrait suivre la m\u00eame tendance \u00e0 4,2%, refl\u00e9tant un ralentissement du secteur minier, mod\u00e9r\u00e9 par le d\u00e9marrage anticip\u00e9 du projet GTA.<\/p>\n<p>A moyen terme, les perspectives de croissance sont sujettes \u00e0 des risques significatifs, notamment une escalade des tensions g\u00e9opolitiques dans la r\u00e9gion, les retards additionnels dans le d\u00e9marrage de l\u2019exploitation du projet GTA, et l\u2019occurrence des chocs m\u00e9t\u00e9orologiques, toujours d\u2019apr\u00e8s Fischer.<\/p>\n<p>La Mission du FMI a port\u00e9 sur la troisi\u00e8me revue du programme de la Mauritanie que l\u2019institution financi\u00e8re appuie au titre du M\u00e9canisme Elargi de Cr\u00e9dit (MEDC) et de la Facilit\u00e9 Elargie de Cr\u00e9dit (FEC), sur la deuxi\u00e8me revue du programme de la Facilit\u00e9 pour la R\u00e9silience et la Durabilit\u00e9 (FRD), et sur les consultations au titre de l\u2019article IV pour le compte de l\u2019ann\u00e9e 2024.<\/p>\n<p>D\u2019apr\u00e8s Fischer, l\u2019\u00e9quipe du Fonds est \u00ab parvenue \u00e0 un accord ad referendum avec les autorit\u00e9s mauritaniennes sur les engagements du pays qui permettraient la conclusion de la troisi\u00e8me revue au titre de l\u2019accord mixte MEDC\/FEC et de la deuxi\u00e8me revue au titre de la FRD .<\/p>\n<p>Il a pr\u00e9cis\u00e9 qu\u2019\u00e0 la suite de la conclusion de la revue par le Conseil d\u2019administration du FMI, la Mauritanie recevra un d\u00e9caissement de 8,6 millions de dollars au titre du MEDC\/FEC et un d\u00e9caissement de 39,7 millions de dollars au titre de la FRD, portant ainsi le montant cumul\u00e9 de d\u00e9caissements au titre du MEDC\/FEC et de la FRD \u00e0 119,7 millions de dollars.<\/p>\n<blockquote class=\"wp-embedded-content\" data-secret=\"TOMLJ4mwjs\"><p><a href=\"https:\/\/www.agenceafrique.com\/\">Accueil<\/a><\/p><\/blockquote>\n<p><iframe loading=\"lazy\" class=\"wp-embedded-content\" sandbox=\"allow-scripts\" security=\"restricted\" style=\"position: absolute; visibility: hidden;\" title=\"\u00ab\u00a0Accueil\u00a0\u00bb &#8212; Agence Afrique\" src=\"https:\/\/www.agenceafrique.com\/embed#?secret=43z4s2lJOQ#?secret=TOMLJ4mwjs\" data-secret=\"TOMLJ4mwjs\" width=\"500\" height=\"282\" frameborder=\"0\" marginwidth=\"0\" marginheight=\"0\" scrolling=\"no\"><\/iframe><\/p>\n","protected":false},"excerpt":{"rendered":"<p>Une \u00e9quipe du Fonds mon\u00e9taire international (FMI), qui a s\u00e9journ\u00e9 \u00e0 Nouakchott, la capitale de la Mauritanie, du 3 au 16 octobre 2024, a d\u00e9clar\u00e9, \u00e0 l\u2019issue de sa mission, qu\u2019en d\u00e9pit de la r\u00e9silience de l\u2019\u00e9conomie nationale, la croissance devrait marquer un ralentissement en 2024 et \u00e0 moyen terme dans un contexte marqu\u00e9 par &hellip;<\/p>\n","protected":false},"author":2,"featured_media":12079,"comment_status":"open","ping_status":"open","sticky":false,"template":"","format":"standard","meta":{"footnotes":""},"categories":[18,2],"tags":[],"class_list":["post-12078","post","type-post","status-publish","format-standard","has-post-thumbnail","hentry","category-actualites","category-economie"],"_links":{"self":[{"href":"https:\/\/ladepeche.mr\/index.php?rest_route=\/wp\/v2\/posts\/12078","targetHints":{"allow":["GET"]}}],"collection":[{"href":"https:\/\/ladepeche.mr\/index.php?rest_route=\/wp\/v2\/posts"}],"about":[{"href":"https:\/\/ladepeche.mr\/index.php?rest_route=\/wp\/v2\/types\/post"}],"author":[{"embeddable":true,"href":"https:\/\/ladepeche.mr\/index.php?rest_route=\/wp\/v2\/users\/2"}],"replies":[{"embeddable":true,"href":"https:\/\/ladepeche.mr\/index.php?rest_route=%2Fwp%2Fv2%2Fcomments&post=12078"}],"version-history":[{"count":1,"href":"https:\/\/ladepeche.mr\/index.php?rest_route=\/wp\/v2\/posts\/12078\/revisions"}],"predecessor-version":[{"id":12080,"href":"https:\/\/ladepeche.mr\/index.php?rest_route=\/wp\/v2\/posts\/12078\/revisions\/12080"}],"wp:featuredmedia":[{"embeddable":true,"href":"https:\/\/ladepeche.mr\/index.php?rest_route=\/wp\/v2\/media\/12079"}],"wp:attachment":[{"href":"https:\/\/ladepeche.mr\/index.php?rest_route=%2Fwp%2Fv2%2Fmedia&parent=12078"}],"wp:term":[{"taxonomy":"category","embeddable":true,"href":"https:\/\/ladepeche.mr\/index.php?rest_route=%2Fwp%2Fv2%2Fcategories&post=12078"},{"taxonomy":"post_tag","embeddable":true,"href":"https:\/\/ladepeche.mr\/index.php?rest_route=%2Fwp%2Fv2%2Ftags&post=12078"}],"curies":[{"name":"wp","href":"https:\/\/api.w.org\/{rel}","templated":true}]}}