{"id":12082,"date":"2024-10-18T22:53:05","date_gmt":"2024-10-18T22:53:05","guid":{"rendered":"https:\/\/ladepeche.mr\/?p=12082"},"modified":"2024-10-19T01:31:39","modified_gmt":"2024-10-19T01:31:39","slug":"financements-de-projets-eluder-le-desaveu-du-prive-pour-les-ppp","status":"publish","type":"post","link":"https:\/\/ladepeche.mr\/?p=12082","title":{"rendered":"Financements de projets\u00a0: Eluder le d\u00e9saveu du priv\u00e9 pour les PPP"},"content":{"rendered":"<p>Les d\u00e9put\u00e9s ont adopt\u00e9 vendredi un nouveau projet de loi introduisant des amendements \u00e0 la loi 006-2021 pour assurer des proc\u00e9dures d\u2019attribution de march\u00e9s plus flexibles, selon les explications faites par le ministre de l\u2019\u00e9conomie et des finances, Sid\u2019Ahmed Ould Bouh.<\/p>\n<p>Ces amendements concernent aussi la mise en place d\u2019un cadre juridique \u00ab\u00a0plus efficace et plus harmonis\u00e9 avec la l\u00e9gislation internationale\u00a0\u00bb assure le ministre.<\/p>\n<p>La r\u00e9alit\u00e9 est que tir\u00e9e du constat que les PPP dans notre pays n\u2019ont pas entra\u00een\u00e9 un engouement parmi les investisseurs. Pour parer ce constat de d\u00e9saffection d\u2019un syst\u00e8me de financement qui all\u00e8ge le poids financier des infrastructures structurantes dans le pays, le gouvernement vient aujourd\u2019hui corriger ce d\u00e9ficit d\u2019int\u00e9r\u00eat par l\u2019encouragement de la voie de n\u00e9gociation en cas d\u2019\u00e9checs des appels d\u2019offres. Un m\u00e9canisme pr\u00e9vu \u00e9galement pour les projets class\u00e9s d\u2019int\u00e9r\u00eat public.<\/p>\n<p>Mais pour garantir la transparence, selon les initiateurs du projet, la validation de ce m\u00e9canisme serait approuv\u00e9e pour tout march\u00e9 en conseil des ministres. La proposition de s\u00e9lection de l\u2019adjudicataire pr\u00e9vu dans le cadre d\u2019une proc\u00e9dure n\u00e9goci\u00e9e ainsi que le projet de contrat seraient, dans cette logique, soumis \u00e0 l\u2019autorisation pr\u00e9alable du Conseil des ministres.<\/p>\n<p>Cette r\u00e9forme qui pr\u00e9suppose un \u00e9chec de la loi sur les PPP, promulgu\u00e9e en f\u00e9vrier 2017, pour galvaniser les partenariats et aider \u00e0 les mobiliser autour de financement conjoint Public-Priv\u00e9, est encore per\u00e7ue par le gouvernement comme un m\u00e9canisme capable d\u2019une lev\u00e9e de fonds n\u00e9cessaires pour cr\u00e9er et g\u00e9rer des infrastructures structurantes dans le pays.<\/p>\n<p>Jusqu\u2019ici, en effet, et en d\u00e9pit de plusieurs rencontres organis\u00e9es par les autorit\u00e9s politiques autour de l\u2019int\u00e9r\u00eat des PPP, le secteur priv\u00e9 n\u2019a encore pas fait montre d\u2019un grand int\u00e9r\u00eat pour ces partenariats.<\/p>\n<p>Sept ans apr\u00e8s la promulgation de la loi, et les nombreuses mesures incitatives, les PPP peinent \u00e0 se constituer.<\/p>\n<p>A noter qu\u2019\u00e0 l\u2019issue des d\u00e9bats parlementaires malgr\u00e9 certaines pr\u00e9occupations voire des r\u00e9ticences, les d\u00e9put\u00e9s ont finalement adopt\u00e9 \u00e0 une large majorit\u00e9 le nouveau texte de loi.<\/p>\n","protected":false},"excerpt":{"rendered":"<p>Les d\u00e9put\u00e9s ont adopt\u00e9 vendredi un nouveau projet de loi introduisant des amendements \u00e0 la loi 006-2021 pour assurer des proc\u00e9dures d\u2019attribution de march\u00e9s plus flexibles, selon les explications faites par le ministre de l\u2019\u00e9conomie et des finances, Sid\u2019Ahmed Ould Bouh. Ces amendements concernent aussi la mise en place d\u2019un cadre juridique \u00ab\u00a0plus efficace et &hellip;<\/p>\n","protected":false},"author":2,"featured_media":12083,"comment_status":"open","ping_status":"open","sticky":false,"template":"","format":"standard","meta":{"footnotes":""},"categories":[18,2],"tags":[],"class_list":["post-12082","post","type-post","status-publish","format-standard","has-post-thumbnail","hentry","category-actualites","category-economie"],"_links":{"self":[{"href":"https:\/\/ladepeche.mr\/index.php?rest_route=\/wp\/v2\/posts\/12082","targetHints":{"allow":["GET"]}}],"collection":[{"href":"https:\/\/ladepeche.mr\/index.php?rest_route=\/wp\/v2\/posts"}],"about":[{"href":"https:\/\/ladepeche.mr\/index.php?rest_route=\/wp\/v2\/types\/post"}],"author":[{"embeddable":true,"href":"https:\/\/ladepeche.mr\/index.php?rest_route=\/wp\/v2\/users\/2"}],"replies":[{"embeddable":true,"href":"https:\/\/ladepeche.mr\/index.php?rest_route=%2Fwp%2Fv2%2Fcomments&post=12082"}],"version-history":[{"count":2,"href":"https:\/\/ladepeche.mr\/index.php?rest_route=\/wp\/v2\/posts\/12082\/revisions"}],"predecessor-version":[{"id":12088,"href":"https:\/\/ladepeche.mr\/index.php?rest_route=\/wp\/v2\/posts\/12082\/revisions\/12088"}],"wp:featuredmedia":[{"embeddable":true,"href":"https:\/\/ladepeche.mr\/index.php?rest_route=\/wp\/v2\/media\/12083"}],"wp:attachment":[{"href":"https:\/\/ladepeche.mr\/index.php?rest_route=%2Fwp%2Fv2%2Fmedia&parent=12082"}],"wp:term":[{"taxonomy":"category","embeddable":true,"href":"https:\/\/ladepeche.mr\/index.php?rest_route=%2Fwp%2Fv2%2Fcategories&post=12082"},{"taxonomy":"post_tag","embeddable":true,"href":"https:\/\/ladepeche.mr\/index.php?rest_route=%2Fwp%2Fv2%2Ftags&post=12082"}],"curies":[{"name":"wp","href":"https:\/\/api.w.org\/{rel}","templated":true}]}}