{"id":12085,"date":"2024-10-19T00:00:41","date_gmt":"2024-10-19T00:00:41","guid":{"rendered":"https:\/\/ladepeche.mr\/?p=12085"},"modified":"2024-10-18T23:34:43","modified_gmt":"2024-10-18T23:34:43","slug":"une-delegation-du-comite-ministeriel-charge-des-interventions-durgence-constate-les-degats-causes-par-les-inondations-a-kaedi","status":"publish","type":"post","link":"https:\/\/ladepeche.mr\/?p=12085","title":{"rendered":"Une d\u00e9l\u00e9gation du comit\u00e9 minist\u00e9riel charg\u00e9 des interventions d\u2019urgence constate les d\u00e9g\u00e2ts caus\u00e9s par les inondations \u00e0 Ka\u00e9di"},"content":{"rendered":"<p>Une d\u00e9l\u00e9gation du comit\u00e9 minist\u00e9riel charg\u00e9 du suivi de la mise en \u0153uvre du Plan national d\u2019intervention d\u2019urgence, comprenant le d\u00e9l\u00e9gu\u00e9 g\u00e9n\u00e9ral \u00e0 la solidarit\u00e9 nationale et \u00e0 la lutte contre l\u2019exclusion (Taazour), M. Cheikh Ould Bodde, la commissaire \u00e0 la s\u00e9curit\u00e9 alimentaire, Mme Fatimetou Mint Khattry, et le wali du Gorgol, M. Ahmedna Sidebe, a visit\u00e9, vendredi, la ville de Ka\u00e9di pour constater les d\u00e9g\u00e2ts caus\u00e9s par les inondations du fleuve, avant de tenir une r\u00e9union dans la salle de r\u00e9union du Centre national de recherche agricole (CNRA) avec le comit\u00e9 r\u00e9gional d\u2019intervention d\u2019urgence, comprenant des repr\u00e9sentants des secteurs concern\u00e9s par l\u2019intervention dans l\u2019op\u00e9ration.<\/p>\n<p>Au cours de la r\u00e9union, le d\u00e9l\u00e9gu\u00e9 g\u00e9n\u00e9ral a expliqu\u00e9 que l\u2019objectif de ces visites est d\u2019\u00e9valuer la situation dans les zones touch\u00e9es et de venir en aide aux habitants.<\/p>\n<p>Il a remerci\u00e9 les autorit\u00e9s r\u00e9gionales pour les efforts consid\u00e9rables qu\u2019elles ont d\u00e9ploy\u00e9s afin de minimiser les effets des dommages caus\u00e9s par les inondations, soulignant la volont\u00e9 du gouvernement d\u2019\u00eatre aux c\u00f4t\u00e9s des citoyens et de r\u00e9soudre leurs probl\u00e8mes, en particulier dans de telles circonstances.<\/p>\n<p>A la fin de la visite, la commissaire \u00e0 la s\u00e9curit\u00e9 alimentaire a expliqu\u00e9, dans une d\u00e9claration \u00e0 l\u2019Agence mauritanienne d\u2019information, que la r\u00e9union comprenait tous les membres du comit\u00e9 r\u00e9gional de suivi de la situation du niveau des eaux du fleuve au niveau de la wilaya, expliquant que l\u2019objectif \u00e9tait d\u2019examiner l\u2019\u00e9tat de pr\u00e9paration de tous les secteurs impliqu\u00e9s dans le domaine pour att\u00e9nuer les effets de ces inondations sur les populations touch\u00e9es.<\/p>\n<p>Elle a indiqu\u00e9 que, selon le rapport du comit\u00e9 r\u00e9gional, la moughataa de Maghama n\u00e9cessite une intervention rapide, notant que l\u2019arm\u00e9e nationale a fourni des v\u00e9hicules charg\u00e9s des produits n\u00e9cessaires pour aider les personnes touch\u00e9es, et que les entrep\u00f4ts du CSA dans la moughataa contiennent des denr\u00e9es alimentaires qui profiteront \u00e0 toutes les personnes touch\u00e9es, en plus d\u2019une aide financi\u00e8re fournie par la D\u00e9l\u00e9gation g\u00e9n\u00e9rale \u00e0 la solidarit\u00e9 nationale et \u00e0 la lutte contre l\u2019exclusion.<\/p>\n<p>L\u2019objectif de cette visite est de rassurer les citoyens et de leur transmettre le message de solidarit\u00e9 du Pr\u00e9sident de la R\u00e9publique, qui a ordonn\u00e9 au gouvernement de se tenir aux c\u00f4t\u00e9s des citoyens en cette situation difficile.<\/p>\n<p>D\u2019autre part, le pr\u00e9sident de la r\u00e9gion de Gorgol, M. Ba Amadou, et le maire de sa commune, Demba N\u2019Diaye, ont salu\u00e9 les interventions rapides qui ont b\u00e9n\u00e9fici\u00e9 \u00e0 des centaines de familles et aid\u00e9 \u00e0 att\u00e9nuer l\u2019impact n\u00e9gatif de ces inondations.<\/p>\n<p>La d\u00e9l\u00e9gation \u00e9tait accompagn\u00e9e par les autorit\u00e9s administratives et s\u00e9curitaires de la wilaya.<\/p>\n<p>Ami<\/p>\n","protected":false},"excerpt":{"rendered":"<p>Une d\u00e9l\u00e9gation du comit\u00e9 minist\u00e9riel charg\u00e9 du suivi de la mise en \u0153uvre du Plan national d\u2019intervention d\u2019urgence, comprenant le d\u00e9l\u00e9gu\u00e9 g\u00e9n\u00e9ral \u00e0 la solidarit\u00e9 nationale et \u00e0 la lutte contre l\u2019exclusion (Taazour), M. Cheikh Ould Bodde, la commissaire \u00e0 la s\u00e9curit\u00e9 alimentaire, Mme Fatimetou Mint Khattry, et le wali du Gorgol, M. Ahmedna Sidebe, &hellip;<\/p>\n","protected":false},"author":2,"featured_media":12086,"comment_status":"open","ping_status":"open","sticky":false,"template":"","format":"standard","meta":{"footnotes":""},"categories":[18,21],"tags":[],"class_list":["post-12085","post","type-post","status-publish","format-standard","has-post-thumbnail","hentry","category-actualites","category-fluctuations"],"_links":{"self":[{"href":"https:\/\/ladepeche.mr\/index.php?rest_route=\/wp\/v2\/posts\/12085","targetHints":{"allow":["GET"]}}],"collection":[{"href":"https:\/\/ladepeche.mr\/index.php?rest_route=\/wp\/v2\/posts"}],"about":[{"href":"https:\/\/ladepeche.mr\/index.php?rest_route=\/wp\/v2\/types\/post"}],"author":[{"embeddable":true,"href":"https:\/\/ladepeche.mr\/index.php?rest_route=\/wp\/v2\/users\/2"}],"replies":[{"embeddable":true,"href":"https:\/\/ladepeche.mr\/index.php?rest_route=%2Fwp%2Fv2%2Fcomments&post=12085"}],"version-history":[{"count":1,"href":"https:\/\/ladepeche.mr\/index.php?rest_route=\/wp\/v2\/posts\/12085\/revisions"}],"predecessor-version":[{"id":12087,"href":"https:\/\/ladepeche.mr\/index.php?rest_route=\/wp\/v2\/posts\/12085\/revisions\/12087"}],"wp:featuredmedia":[{"embeddable":true,"href":"https:\/\/ladepeche.mr\/index.php?rest_route=\/wp\/v2\/media\/12086"}],"wp:attachment":[{"href":"https:\/\/ladepeche.mr\/index.php?rest_route=%2Fwp%2Fv2%2Fmedia&parent=12085"}],"wp:term":[{"taxonomy":"category","embeddable":true,"href":"https:\/\/ladepeche.mr\/index.php?rest_route=%2Fwp%2Fv2%2Fcategories&post=12085"},{"taxonomy":"post_tag","embeddable":true,"href":"https:\/\/ladepeche.mr\/index.php?rest_route=%2Fwp%2Fv2%2Ftags&post=12085"}],"curies":[{"name":"wp","href":"https:\/\/api.w.org\/{rel}","templated":true}]}}