{"id":12095,"date":"2024-10-21T15:42:33","date_gmt":"2024-10-21T15:42:33","guid":{"rendered":"https:\/\/ladepeche.mr\/?p=12095"},"modified":"2024-10-21T15:42:33","modified_gmt":"2024-10-21T15:42:33","slug":"notre-pays-participe-aux-reunions-annuelles-de-la-bm-et-du-fmi","status":"publish","type":"post","link":"https:\/\/ladepeche.mr\/?p=12095","title":{"rendered":"Notre pays participe aux r\u00e9unions annuelles de la BM et du FMI"},"content":{"rendered":"<p>Son Excellence le ministre de l&#8217;\u00c9conomie et des Finances, M. Sid&#8217;Ahmed Ould Bouh, a quitt\u00e9 Nouakchott hier soir en direction de Washington pour participer aux r\u00e9unions annuelles du Groupe de la Banque mondiale et du Fonds mon\u00e9taire international de 2024. Il conduit une d\u00e9l\u00e9gation officielle de haut niveau repr\u00e9sentant notre pays \u00e0 ces rencontres, comprenant le gouverneur de la Banque centrale, M. Mohamed Lemine Ould Dhehbi, ainsi que plusieurs hauts responsables des secteurs concern\u00e9s.<\/p>\n<p>Il est pr\u00e9vu que les sessions de cette ann\u00e9e, qui se tiendront du 21 au 26 octobre, abordent un certain nombre de questions cruciales, notamment les dynamiques de l&#8217;\u00e9conomie alimentaire, l&#8217;acc\u00e9l\u00e9ration de l&#8217;\u00e9galit\u00e9 des genres, les m\u00e9canismes pour atteindre un d\u00e9veloppement durable, ainsi que les complexit\u00e9s auxquelles sont confront\u00e9s les march\u00e9s mondiaux.<\/p>\n<p>Par ailleurs, les activit\u00e9s de cette ann\u00e9e comprendront des conf\u00e9rences et des r\u00e9unions sp\u00e9cialis\u00e9es organis\u00e9es en marge des r\u00e9unions officielles. Son Excellence le ministre de l&#8217;\u00c9nergie et du P\u00e9trole, M. Mohamed Ould Khaled, participera \u00e0 une table ronde sur l&#8217;initiative &#8220;Objectif 300&#8221;, lanc\u00e9e par la Banque mondiale et la Banque africaine de d\u00e9veloppement. Cette initiative vise \u00e0 renforcer les efforts pour permettre \u00e0 300 millions d&#8217;Africains d&#8217;acc\u00e9der \u00e0 l&#8217;\u00e9lectricit\u00e9 d&#8217;ici 2030, initiative \u00e0 laquelle notre pays a adh\u00e9r\u00e9.<\/p>\n<p>MEF<\/p>\n","protected":false},"excerpt":{"rendered":"<p>Son Excellence le ministre de l&#8217;\u00c9conomie et des Finances, M. Sid&#8217;Ahmed Ould Bouh, a quitt\u00e9 Nouakchott hier soir en direction de Washington pour participer aux r\u00e9unions annuelles du Groupe de la Banque mondiale et du Fonds mon\u00e9taire international de 2024. Il conduit une d\u00e9l\u00e9gation officielle de haut niveau repr\u00e9sentant notre pays \u00e0 ces rencontres, comprenant &hellip;<\/p>\n","protected":false},"author":2,"featured_media":10899,"comment_status":"open","ping_status":"open","sticky":false,"template":"","format":"standard","meta":{"footnotes":""},"categories":[18,2],"tags":[],"class_list":["post-12095","post","type-post","status-publish","format-standard","has-post-thumbnail","hentry","category-actualites","category-economie"],"_links":{"self":[{"href":"https:\/\/ladepeche.mr\/index.php?rest_route=\/wp\/v2\/posts\/12095","targetHints":{"allow":["GET"]}}],"collection":[{"href":"https:\/\/ladepeche.mr\/index.php?rest_route=\/wp\/v2\/posts"}],"about":[{"href":"https:\/\/ladepeche.mr\/index.php?rest_route=\/wp\/v2\/types\/post"}],"author":[{"embeddable":true,"href":"https:\/\/ladepeche.mr\/index.php?rest_route=\/wp\/v2\/users\/2"}],"replies":[{"embeddable":true,"href":"https:\/\/ladepeche.mr\/index.php?rest_route=%2Fwp%2Fv2%2Fcomments&post=12095"}],"version-history":[{"count":1,"href":"https:\/\/ladepeche.mr\/index.php?rest_route=\/wp\/v2\/posts\/12095\/revisions"}],"predecessor-version":[{"id":12096,"href":"https:\/\/ladepeche.mr\/index.php?rest_route=\/wp\/v2\/posts\/12095\/revisions\/12096"}],"wp:featuredmedia":[{"embeddable":true,"href":"https:\/\/ladepeche.mr\/index.php?rest_route=\/wp\/v2\/media\/10899"}],"wp:attachment":[{"href":"https:\/\/ladepeche.mr\/index.php?rest_route=%2Fwp%2Fv2%2Fmedia&parent=12095"}],"wp:term":[{"taxonomy":"category","embeddable":true,"href":"https:\/\/ladepeche.mr\/index.php?rest_route=%2Fwp%2Fv2%2Fcategories&post=12095"},{"taxonomy":"post_tag","embeddable":true,"href":"https:\/\/ladepeche.mr\/index.php?rest_route=%2Fwp%2Fv2%2Ftags&post=12095"}],"curies":[{"name":"wp","href":"https:\/\/api.w.org\/{rel}","templated":true}]}}