{"id":12097,"date":"2024-10-21T16:33:07","date_gmt":"2024-10-21T16:33:07","guid":{"rendered":"https:\/\/ladepeche.mr\/?p=12097"},"modified":"2024-10-21T16:33:07","modified_gmt":"2024-10-21T16:33:07","slug":"genocide-a-gaza-des-manifestants-en-mauritanie-appellent-a-fermer-lambassade-us-a-nouakchott","status":"publish","type":"post","link":"https:\/\/ladepeche.mr\/?p=12097","title":{"rendered":"G\u00e9nocide \u00e0 Gaza\u00a0: Des manifestants en Mauritanie appellent \u00e0 fermer l\u2019ambassade Us \u00e0 Nouakchott"},"content":{"rendered":"<p>Plusieurs centaines d\u2019\u00e9tudiants ont battu le macadam devant l\u2019ambassade des USA \u00e0 Nouakchott pour d\u00e9noncer les massacres en cours \u00e0 Jabaliya et le soutien des USA \u00e0 l\u2019h\u00e9g\u00e9monie isra\u00e9lienne dans la r\u00e9gion du Moyen-Orient.<\/p>\n<p>Organis\u00e9s dans le cadre de l\u2019Initiative estudiantine pour la lutte contre l\u2019infiltration sioniste et la d\u00e9fense des causes justes, les manifestants ont appel\u00e9 \u00e0 fermer l\u2019ambassade Us \u00e0 Nouakchott et \u00e0 cesser toute coop\u00e9ration avec les USA pour le soutien complice \u00e0 l\u2019\u00e9puration ethnique en Palestine.<\/p>\n<p><img loading=\"lazy\" decoding=\"async\" class=\"wp-image-12099 alignright\" src=\"http:\/\/ladepeche.mr\/wp-content\/uploads\/2024\/10\/13-287x300.jpg\" alt=\"\" width=\"353\" height=\"369\" \/><\/p>\n<p>Les manifestants ont tenu des slogans critiquant l\u2019attitude des USA vis-\u00e0-vis des \u00abmassacres \u00e0 Jabalia et \u00e0 Gaza, ainsi que leur soutien \u00e0 l&#8217;entit\u00e9 sioniste et leur participation directe \u00e0 ses crimes terroristes\u00bb contre le peuple palestinien.<\/p>\n<p>Selon diff\u00e9rentes d\u00e9clarations sur les raisons de cette manifestation, ses organisateurs indiquent que le sitin de plusieurs heures devant l\u2019ambassade am\u00e9ricaine est l\u2019expression du soutien in\u00e9branlable des \u00e9tudiants mauritaniens dans la d\u00e9fense des droits des palestiniens et notamment les populations de Jabalia et du nord de Gaza confront\u00e9s \u00e0 \u00ab la machine d\u2019oppression sioniste avec le soutien de l\u2019Am\u00e9rique \u00bb.<\/p>\n<p>Les manifestants n\u2019ont pas h\u00e9sit\u00e9 \u00e0 qualifier les USA d\u2019\u00eatre \u00e0 l\u2019origine de l\u2019oppression des populations arabes et appel\u00e9 \u00e0 en expulser l\u2019ambassade.<\/p>\n<p>Les responsables de la manifestation ont, par ailleurs, appel\u00e9 les musulmans et les arabes dans le monde ainsi que les populations sensibles aux droits humains \u00e0 sortir pour d\u00e9nigrer l\u2019association assassine entre Isra\u00e9l et les Usa.<\/p>\n<p>Des massacres perp\u00e9tr\u00e9s depuis pr\u00e8s d\u2019une semaine \u00e0 Jabaliya ont d\u00e9j\u00e0 fait, selon un bilan donn\u00e9 par AlJazeera, 600 personnes civiles dont la majorit\u00e9 sont des femmes et des enfants. Un autre bilan \u00e9tablit les victimes palestiniennes \u00e0 pr\u00e8s de 45.000 personnes tu\u00e9es par Isra\u00e9l depuis le 7 Octobre 2023.<\/p>\n<p>&nbsp;<\/p>\n","protected":false},"excerpt":{"rendered":"<p>Plusieurs centaines d\u2019\u00e9tudiants ont battu le macadam devant l\u2019ambassade des USA \u00e0 Nouakchott pour d\u00e9noncer les massacres en cours \u00e0 Jabaliya et le soutien des USA \u00e0 l\u2019h\u00e9g\u00e9monie isra\u00e9lienne dans la r\u00e9gion du Moyen-Orient. Organis\u00e9s dans le cadre de l\u2019Initiative estudiantine pour la lutte contre l\u2019infiltration sioniste et la d\u00e9fense des causes justes, les manifestants &hellip;<\/p>\n","protected":false},"author":2,"featured_media":12098,"comment_status":"open","ping_status":"open","sticky":false,"template":"","format":"standard","meta":{"footnotes":""},"categories":[18,29],"tags":[],"class_list":["post-12097","post","type-post","status-publish","format-standard","has-post-thumbnail","hentry","category-actualites","category-monde"],"_links":{"self":[{"href":"https:\/\/ladepeche.mr\/index.php?rest_route=\/wp\/v2\/posts\/12097","targetHints":{"allow":["GET"]}}],"collection":[{"href":"https:\/\/ladepeche.mr\/index.php?rest_route=\/wp\/v2\/posts"}],"about":[{"href":"https:\/\/ladepeche.mr\/index.php?rest_route=\/wp\/v2\/types\/post"}],"author":[{"embeddable":true,"href":"https:\/\/ladepeche.mr\/index.php?rest_route=\/wp\/v2\/users\/2"}],"replies":[{"embeddable":true,"href":"https:\/\/ladepeche.mr\/index.php?rest_route=%2Fwp%2Fv2%2Fcomments&post=12097"}],"version-history":[{"count":1,"href":"https:\/\/ladepeche.mr\/index.php?rest_route=\/wp\/v2\/posts\/12097\/revisions"}],"predecessor-version":[{"id":12100,"href":"https:\/\/ladepeche.mr\/index.php?rest_route=\/wp\/v2\/posts\/12097\/revisions\/12100"}],"wp:featuredmedia":[{"embeddable":true,"href":"https:\/\/ladepeche.mr\/index.php?rest_route=\/wp\/v2\/media\/12098"}],"wp:attachment":[{"href":"https:\/\/ladepeche.mr\/index.php?rest_route=%2Fwp%2Fv2%2Fmedia&parent=12097"}],"wp:term":[{"taxonomy":"category","embeddable":true,"href":"https:\/\/ladepeche.mr\/index.php?rest_route=%2Fwp%2Fv2%2Fcategories&post=12097"},{"taxonomy":"post_tag","embeddable":true,"href":"https:\/\/ladepeche.mr\/index.php?rest_route=%2Fwp%2Fv2%2Ftags&post=12097"}],"curies":[{"name":"wp","href":"https:\/\/api.w.org\/{rel}","templated":true}]}}