{"id":1210,"date":"2022-07-25T13:23:34","date_gmt":"2022-07-25T13:23:34","guid":{"rendered":"https:\/\/ladepeche.mr\/?p=1210"},"modified":"2022-07-25T13:23:34","modified_gmt":"2022-07-25T13:23:34","slug":"intemperies-deces-de-5-personnes-et-degats-au-niveau-de-batiments","status":"publish","type":"post","link":"https:\/\/ladepeche.mr\/?p=1210","title":{"rendered":"Intemp\u00e9ries: D\u00e9c\u00e8s de 5 personnes et d\u00e9g\u00e2ts au niveau de b\u00e2timents"},"content":{"rendered":"<p>La commission technique charg\u00e9 du suivi des travaux du comit\u00e9 minist\u00e9riel de gestion des urgences a annonc\u00e9, dimanche, le d\u00e9c\u00e8s de 5 personnes \u00e0 Tintane (wilaya du Hodh El Gharbi), Lexeiba et Monguel (wilaya du Gorgol) et Rosso (Wilaya du Trarza) et l&#8217;enregistrement de plusieurs d\u00e9g\u00e2ts mat\u00e9riels dans diff\u00e9rentes zones, suite aux pluies qu&#8217;a connues le pays.<\/p>\n<p>Ci-apr\u00e8s le bulletin de la commission charg\u00e9e du suivi de la gestion des urgences comme l&#8217;a re\u00e7u l&#8217;Agence Mauritanienne d&#8217;Information du minist\u00e8re de l&#8217;Int\u00e9rieur et de la D\u00e9centralisation:<\/p>\n<p>Wilaya du Hodh El Gharbi<\/p>\n<p>Moghataa de Tintane<\/p>\n<p>Commune de Tintane<\/p>\n<p>D\u00e9g\u00e2ts:<\/p>\n<p>D\u00e9c\u00e8s d&#8217;un enfant par noyade dans les eaux de pluies<\/p>\n<p>Moughataa de Tintane<\/p>\n<p>Commune de Defaa:<\/p>\n<p>Village de Zreiga<\/p>\n<p>D\u00e9g\u00e2ts<\/p>\n<p>Dix tentes tomb\u00e9es, suite aux vents accompagnant les pluies<\/p>\n<p>Wilaya du Gorgol<\/p>\n<p>Moughataa de Lexeiba<\/p>\n<p>Commune de Guenki<\/p>\n<p>D\u00e9g\u00e2ts:<\/p>\n<p>Les eaux de ruissellement ont amen\u00e9 une voiture \u00e0 d\u00e9vier de la route conduisant, malheureusement, \u00e0 la mort de deux .<\/p>\n<p>Interventions:<\/p>\n<p>Les autorit\u00e9s se sont rendues sur les lieux de l&#8217;accident et ont pris les mesures qui s&#8217;imposent.<\/p>\n<p>Wilaya du Gorgol<\/p>\n<p>Moughataa de Monguel<\/p>\n<p>Bethit Meit<\/p>\n<p>D\u00e9g\u00e2ts :<\/p>\n<p>L&#8217;effondrement d&#8217;une maison a caus\u00e9 la mort d&#8217;une femme.<\/p>\n<p>Interventions:<\/p>\n<p>Les autorit\u00e9s municipales se sont rendues sur les lieux et ont pris les mesures qui s&#8217;imposent<\/p>\n<p>Wilaya du Trarza<\/p>\n<p>Moughataa de Rosso:<\/p>\n<p>Commune de Rosso:<\/p>\n<p>D\u00e9g\u00e2ts:<\/p>\n<p>Mort d&#8217;une personne par noyade apr\u00e8s \u00eatre tomb\u00e9e dans un canal d&#8217;irrigation dans le projet agricole de Tinyider.<\/p>\n<p>Wilaya de l&#8217;Adrar<\/p>\n<p>Moughataa d&#8217;Aoujeft:<\/p>\n<p>Arrondissement de N&#8217;Terguint<\/p>\n<p>Commune de N&#8217;Terguint<\/p>\n<p>Village de Jalet El Behga:<\/p>\n<p>Interventions:<\/p>\n<p>Une famille sinistr\u00e9e de trois personnes \u00e9t\u00e9 sauv\u00e9e apr\u00e8s avoir \u00e9t\u00e9 encercl\u00e9e par les eaux de pluie.<\/p>\n<p>Interventions des autorit\u00e9s administratives, militaires et s\u00e9curitaires au niveau de la wilaya de l&#8217;Adrar:<\/p>\n<p>Un avion militaire transportant des plongeurs de la marine nationale, des vedettes et du mat\u00e9riel de sauvetage a \u00e9t\u00e9 d\u00e9p\u00each\u00e9 sur les lieux.<\/p>\n<p>Remarques:<\/p>\n<p>La famille se trouve dans un lieu s\u00fbr et ne souffre de rien qu&#8217;Allah en soit remerci\u00e9.<\/p>\n<p>Ami<\/p>\n","protected":false},"excerpt":{"rendered":"<p>La commission technique charg\u00e9 du suivi des travaux du comit\u00e9 minist\u00e9riel de gestion des urgences a annonc\u00e9, dimanche, le d\u00e9c\u00e8s de 5 personnes \u00e0 Tintane (wilaya du Hodh El Gharbi), Lexeiba et Monguel (wilaya du Gorgol) et Rosso (Wilaya du Trarza) et l&#8217;enregistrement de plusieurs d\u00e9g\u00e2ts mat\u00e9riels dans diff\u00e9rentes zones, suite aux pluies qu&#8217;a connues &hellip;<\/p>\n","protected":false},"author":2,"featured_media":1211,"comment_status":"open","ping_status":"open","sticky":false,"template":"","format":"standard","meta":{"footnotes":""},"categories":[18],"tags":[],"class_list":["post-1210","post","type-post","status-publish","format-standard","has-post-thumbnail","hentry","category-actualites"],"_links":{"self":[{"href":"https:\/\/ladepeche.mr\/index.php?rest_route=\/wp\/v2\/posts\/1210","targetHints":{"allow":["GET"]}}],"collection":[{"href":"https:\/\/ladepeche.mr\/index.php?rest_route=\/wp\/v2\/posts"}],"about":[{"href":"https:\/\/ladepeche.mr\/index.php?rest_route=\/wp\/v2\/types\/post"}],"author":[{"embeddable":true,"href":"https:\/\/ladepeche.mr\/index.php?rest_route=\/wp\/v2\/users\/2"}],"replies":[{"embeddable":true,"href":"https:\/\/ladepeche.mr\/index.php?rest_route=%2Fwp%2Fv2%2Fcomments&post=1210"}],"version-history":[{"count":1,"href":"https:\/\/ladepeche.mr\/index.php?rest_route=\/wp\/v2\/posts\/1210\/revisions"}],"predecessor-version":[{"id":1212,"href":"https:\/\/ladepeche.mr\/index.php?rest_route=\/wp\/v2\/posts\/1210\/revisions\/1212"}],"wp:featuredmedia":[{"embeddable":true,"href":"https:\/\/ladepeche.mr\/index.php?rest_route=\/wp\/v2\/media\/1211"}],"wp:attachment":[{"href":"https:\/\/ladepeche.mr\/index.php?rest_route=%2Fwp%2Fv2%2Fmedia&parent=1210"}],"wp:term":[{"taxonomy":"category","embeddable":true,"href":"https:\/\/ladepeche.mr\/index.php?rest_route=%2Fwp%2Fv2%2Fcategories&post=1210"},{"taxonomy":"post_tag","embeddable":true,"href":"https:\/\/ladepeche.mr\/index.php?rest_route=%2Fwp%2Fv2%2Ftags&post=1210"}],"curies":[{"name":"wp","href":"https:\/\/api.w.org\/{rel}","templated":true}]}}