{"id":12118,"date":"2024-10-22T00:10:03","date_gmt":"2024-10-22T00:10:03","guid":{"rendered":"https:\/\/ladepeche.mr\/?p=12118"},"modified":"2024-10-22T00:10:03","modified_gmt":"2024-10-22T00:10:03","slug":"la-conference-des-presidents-de-lassemblee-nationale-renvoie-les-projets-de-loi-a-la-commission-des-finances","status":"publish","type":"post","link":"https:\/\/ladepeche.mr\/?p=12118","title":{"rendered":"La Conf\u00e9rence des pr\u00e9sidents de l\u2019Assembl\u00e9e nationale renvoie les projets de loi \u00e0 la commission des finances"},"content":{"rendered":"<p>La Conf\u00e9rence des Pr\u00e9sidents s\u2019est r\u00e9unie, lundi, sous la pr\u00e9sidence du Pr\u00e9sident de l\u2019Assembl\u00e9e nationale, M. Mohamed Bemba Meguett.<\/p>\n<p>Le gouvernement \u00e9tait repr\u00e9sent\u00e9 par le ministre de la Culture, des Arts, de la Communication et des Relations avec le Parlement, porte-parole du gouvernement, M. El Houssein Ould Medou.<\/p>\n<p>Au cours de la r\u00e9union, la Conf\u00e9rence des pr\u00e9sidents a \u00e9t\u00e9 inform\u00e9e des projets de loi suivants pr\u00e9sent\u00e9s par le gouvernement :<\/p>\n<p>\u2013 Projet de loi n\u00b0 24-035, qui abroge et remplace la loi n\u00b0 2018-034 du 08 ao\u00fbt 2018, portant statuts de la Banque Centrale de Mauritanie.<\/p>\n<p>\u2013 Le projet de loi n\u00b0 24-036, contenant la loi sur la modernisation des march\u00e9s des capitaux.<\/p>\n<p>\u2013 Le projet de loi n\u00b0 24-037, portant cadre l\u00e9gislatif des obligations s\u00e9curis\u00e9es.<\/p>\n<p>La Conf\u00e9rence des pr\u00e9sidents a d\u00e9cid\u00e9 de renvoyer ces projets de loi \u00e0 la commission des finances pour un examen approfondi. Elle a \u00e9galement d\u00e9cid\u00e9 de programmer les prochaines s\u00e9ances pl\u00e9ni\u00e8res comme suit :<\/p>\n<p>Jeudi 24 octobre 2024 :<\/p>\n<p>\u2013 Dix heures : La s\u00e9ance pl\u00e9ni\u00e8re consacr\u00e9e \u00e0 la r\u00e9ponse \u00e0 une question orale avec d\u00e9bat, adress\u00e9e par le d\u00e9put\u00e9 El Id Mohamedan M\u2019bareck au ministre de l\u2019Habitat, de l\u2019Urbanisme et de l\u2019am\u00e9nagement du territoire.<\/p>\n<p>\u2013 12 heures : S\u00e9ance pl\u00e9ni\u00e8re consacr\u00e9e \u00e0 la r\u00e9ponse \u00e0 une question orale avec d\u00e9bat, adress\u00e9e par le d\u00e9put\u00e9 Sid\u2019Ahmed Mohamed El Hassan \u00e0 la ministre de l\u2019Environnement et du D\u00e9veloppement durable.<\/p>\n<p>Jeudi 31 octobre 2024 :<\/p>\n<p>\u2013 Dix heures : La s\u00e9ance pl\u00e9ni\u00e8re qui \u00e9tait pr\u00e9vue le lundi 21 octobre \u00e0 17 heures pour r\u00e9pondre \u00e0 deux questions orales avec d\u00e9bat adress\u00e9es au ministre de l\u2019\u00e9nergie et du p\u00e9trole par les d\u00e9put\u00e9s :<\/p>\n<p>Yahya Aboubakar Sidelemine.<\/p>\n<p>Abdessalam Horma.<\/p>\n<p>Mardi 12 novembre 2024 :<\/p>\n<p>\u2013 Dix heures : S\u00e9ance pl\u00e9ni\u00e8re consacr\u00e9e \u00e0 la discussion et au vote des projets de loi n\u00b0 24-035, 24-036 et 24-037.<\/p>\n<p>Mardi 19 novembre 2024 :<\/p>\n<p>\u2013 Dix heures : La s\u00e9ance pl\u00e9ni\u00e8re qui devait se tenir le lundi 04 novembre \u00e0 dix heures, pour discuter et voter le projet de loi n\u00b0 24-034, qui inclut le contenu local dans les secteurs des industries extractives et de l\u2019\u00e9nergie.<\/p>\n<p>Ami<\/p>\n","protected":false},"excerpt":{"rendered":"<p>La Conf\u00e9rence des Pr\u00e9sidents s\u2019est r\u00e9unie, lundi, sous la pr\u00e9sidence du Pr\u00e9sident de l\u2019Assembl\u00e9e nationale, M. Mohamed Bemba Meguett. Le gouvernement \u00e9tait repr\u00e9sent\u00e9 par le ministre de la Culture, des Arts, de la Communication et des Relations avec le Parlement, porte-parole du gouvernement, M. El Houssein Ould Medou. Au cours de la r\u00e9union, la Conf\u00e9rence &hellip;<\/p>\n","protected":false},"author":2,"featured_media":12119,"comment_status":"open","ping_status":"open","sticky":false,"template":"","format":"standard","meta":{"footnotes":""},"categories":[18,2],"tags":[],"class_list":["post-12118","post","type-post","status-publish","format-standard","has-post-thumbnail","hentry","category-actualites","category-economie"],"_links":{"self":[{"href":"https:\/\/ladepeche.mr\/index.php?rest_route=\/wp\/v2\/posts\/12118","targetHints":{"allow":["GET"]}}],"collection":[{"href":"https:\/\/ladepeche.mr\/index.php?rest_route=\/wp\/v2\/posts"}],"about":[{"href":"https:\/\/ladepeche.mr\/index.php?rest_route=\/wp\/v2\/types\/post"}],"author":[{"embeddable":true,"href":"https:\/\/ladepeche.mr\/index.php?rest_route=\/wp\/v2\/users\/2"}],"replies":[{"embeddable":true,"href":"https:\/\/ladepeche.mr\/index.php?rest_route=%2Fwp%2Fv2%2Fcomments&post=12118"}],"version-history":[{"count":1,"href":"https:\/\/ladepeche.mr\/index.php?rest_route=\/wp\/v2\/posts\/12118\/revisions"}],"predecessor-version":[{"id":12120,"href":"https:\/\/ladepeche.mr\/index.php?rest_route=\/wp\/v2\/posts\/12118\/revisions\/12120"}],"wp:featuredmedia":[{"embeddable":true,"href":"https:\/\/ladepeche.mr\/index.php?rest_route=\/wp\/v2\/media\/12119"}],"wp:attachment":[{"href":"https:\/\/ladepeche.mr\/index.php?rest_route=%2Fwp%2Fv2%2Fmedia&parent=12118"}],"wp:term":[{"taxonomy":"category","embeddable":true,"href":"https:\/\/ladepeche.mr\/index.php?rest_route=%2Fwp%2Fv2%2Fcategories&post=12118"},{"taxonomy":"post_tag","embeddable":true,"href":"https:\/\/ladepeche.mr\/index.php?rest_route=%2Fwp%2Fv2%2Ftags&post=12118"}],"curies":[{"name":"wp","href":"https:\/\/api.w.org\/{rel}","templated":true}]}}