{"id":12132,"date":"2024-10-23T13:34:41","date_gmt":"2024-10-23T13:34:41","guid":{"rendered":"https:\/\/ladepeche.mr\/?p=12132"},"modified":"2024-10-23T13:42:58","modified_gmt":"2024-10-23T13:42:58","slug":"le-ministre-de-leconomie-et-des-finances-sentretient-avec-lequipe-chargee-de-la-mauritanie-au-sein-de-la-banque-mondiale","status":"publish","type":"post","link":"https:\/\/ladepeche.mr\/?p=12132","title":{"rendered":"Le ministre de l&#8217;\u00c9conomie et des Finances s&#8217;entretient avec l&#8217;\u00e9quipe charg\u00e9e de la Mauritanie au sein de la Banque mondiale"},"content":{"rendered":"<p>Son Excellence le ministre de l&#8217;\u00c9conomie et des Finances, M. Sid&#8217; Ahmed Ould Bouh, a tenu, dans la matin\u00e9e du mardi, en marge des Assembl\u00e9es annuelles du Groupe de la Banque mondiale et du Fonds mon\u00e9taire international, des discussions avec l&#8217;\u00e9quipe des op\u00e9rations de la Banque mondiale en charge de la Mauritanie, dirig\u00e9e par Mme Keiko Miwa, Directrice pays pour la Mauritanie, le Cap-Vert, le S\u00e9n\u00e9gal, la Guin\u00e9e-Bissau et la Gambie; et ce, en pr\u00e9sence du repr\u00e9sentant r\u00e9sident de la Banque en Mauritanie, M. Ibou Diouf, ainsi que de hauts responsables de l&#8217;\u00e9quipe, parmi lesquels des directeurs centraux et sectoriels en charge de la Mauritanie.<\/p>\n<p>Les discussions ont port\u00e9 sur divers aspects de la coop\u00e9ration, notamment l&#8217;\u00e9tat d&#8217;avancement du portefeuille de projets financ\u00e9s par la Banque mondiale dans notre pays, ainsi que les moyens susceptibles de renforcer, d&#8217;am\u00e9liorer et d&#8217;acc\u00e9l\u00e9rer leur mise en \u0153uvre en \u00e9liminant les divers obstacles qui entravent la r\u00e9alisation de ces objectifs, afin d&#8217;impulser le processus de d\u00e9veloppement de notre pays.<\/p>\n<p>Ont pris part \u00e0 la s\u00e9ance de discussions aux c\u00f4t\u00e9s du ministre : le Conseiller \u00e0 la Pr\u00e9sidence de la R\u00e9publique, M. El Hassan Ould Zein, le directeur g\u00e9n\u00e9ral des financements et de la coop\u00e9ration \u00e9conomique, M. Mohamed Salem Ould Nani, ainsi qu&#8217;une d\u00e9l\u00e9gation du minist\u00e8re de l&#8217;\u00c9conomie et des Finances.<\/p>\n<p>Source MEF<\/p>\n","protected":false},"excerpt":{"rendered":"<p>Son Excellence le ministre de l&#8217;\u00c9conomie et des Finances, M. Sid&#8217; Ahmed Ould Bouh, a tenu, dans la matin\u00e9e du mardi, en marge des Assembl\u00e9es annuelles du Groupe de la Banque mondiale et du Fonds mon\u00e9taire international, des discussions avec l&#8217;\u00e9quipe des op\u00e9rations de la Banque mondiale en charge de la Mauritanie, dirig\u00e9e par Mme &hellip;<\/p>\n","protected":false},"author":2,"featured_media":12137,"comment_status":"open","ping_status":"open","sticky":false,"template":"","format":"standard","meta":{"footnotes":""},"categories":[18,2],"tags":[],"class_list":["post-12132","post","type-post","status-publish","format-standard","has-post-thumbnail","hentry","category-actualites","category-economie"],"_links":{"self":[{"href":"https:\/\/ladepeche.mr\/index.php?rest_route=\/wp\/v2\/posts\/12132","targetHints":{"allow":["GET"]}}],"collection":[{"href":"https:\/\/ladepeche.mr\/index.php?rest_route=\/wp\/v2\/posts"}],"about":[{"href":"https:\/\/ladepeche.mr\/index.php?rest_route=\/wp\/v2\/types\/post"}],"author":[{"embeddable":true,"href":"https:\/\/ladepeche.mr\/index.php?rest_route=\/wp\/v2\/users\/2"}],"replies":[{"embeddable":true,"href":"https:\/\/ladepeche.mr\/index.php?rest_route=%2Fwp%2Fv2%2Fcomments&post=12132"}],"version-history":[{"count":2,"href":"https:\/\/ladepeche.mr\/index.php?rest_route=\/wp\/v2\/posts\/12132\/revisions"}],"predecessor-version":[{"id":12136,"href":"https:\/\/ladepeche.mr\/index.php?rest_route=\/wp\/v2\/posts\/12132\/revisions\/12136"}],"wp:featuredmedia":[{"embeddable":true,"href":"https:\/\/ladepeche.mr\/index.php?rest_route=\/wp\/v2\/media\/12137"}],"wp:attachment":[{"href":"https:\/\/ladepeche.mr\/index.php?rest_route=%2Fwp%2Fv2%2Fmedia&parent=12132"}],"wp:term":[{"taxonomy":"category","embeddable":true,"href":"https:\/\/ladepeche.mr\/index.php?rest_route=%2Fwp%2Fv2%2Fcategories&post=12132"},{"taxonomy":"post_tag","embeddable":true,"href":"https:\/\/ladepeche.mr\/index.php?rest_route=%2Fwp%2Fv2%2Ftags&post=12132"}],"curies":[{"name":"wp","href":"https:\/\/api.w.org\/{rel}","templated":true}]}}