{"id":12143,"date":"2024-10-23T13:58:51","date_gmt":"2024-10-23T13:58:51","guid":{"rendered":"https:\/\/ladepeche.mr\/?p=12143"},"modified":"2024-10-23T13:58:51","modified_gmt":"2024-10-23T13:58:51","slug":"le-deplacement-force-de-palestiniens-par-israel-constitue-une-agression-contre-la-securite-des-pays-arabes-ligue-arabe","status":"publish","type":"post","link":"https:\/\/ladepeche.mr\/?p=12143","title":{"rendered":"Le d\u00e9placement forc\u00e9 de Palestiniens par Isra\u00ebl constitue une agression contre la s\u00e9curit\u00e9 des pays arabes (Ligue arabe)"},"content":{"rendered":"<p>LE CAIRE, 23 octobre (Xinhua) &#8212; Le plan d&#8217;Isra\u00ebl visant \u00e0 d\u00e9placer de force des centaines de milliers de Palestiniens, en particulier dans le nord de la bande de Gaza, causera davantage de souffrances humaines et constitue une agression contre la s\u00e9curit\u00e9 des pays arabes, a d\u00e9clar\u00e9 mardi le Conseil de la Ligue arabe.<\/p>\n<p>Dans une d\u00e9claration publi\u00e9e \u00e0 l&#8217;issue d&#8217;une session extraordinaire, les repr\u00e9sentants de l&#8217;organisation r\u00e9gionale ont condamn\u00e9 la brutalit\u00e9 croissante d&#8217;Isra\u00ebl \u00e0 Gaza, en particulier dans la partie nord de la bande, o\u00f9 l&#8217;on craint que les forces militaires isra\u00e9liennes ne mettent en \u0153uvre un plan syst\u00e9matique de d\u00e9peuplement de la zone.<\/p>\n<p>Ces derni\u00e8res semaines, Isra\u00ebl a intensifi\u00e9 ses op\u00e9rations militaires dans le nord de la bande de Gaza, ce qui a suscit\u00e9 des inqui\u00e9tudes dans le monde entier, qui craint que cette action ne s&#8217;inscrive dans le cadre d&#8217;une strat\u00e9gie plus large d&#8217;Isra\u00ebl contraignant les habitants du nord \u00e0 &#8220;se rendre ou mourir de faim&#8221; dans le but de les d\u00e9placer de force et d&#8217;isoler le nord de la bande de Gaza. Isra\u00ebl a d\u00e9menti cette all\u00e9gation.<\/p>\n<p>Le Conseil a \u00e9galement d\u00e9nonc\u00e9 que l&#8217;offensive massive d&#8217;Isra\u00ebl et le soutien continu de Washington \u00e0 ce pays sapaient les efforts des Nations Unies et des groupes humanitaires internationaux.<\/p>\n<p>La r\u00e9gion ne conna\u00eetra pas la paix tant que les Palestiniens ne jouiront pas de leurs droits l\u00e9gitimes \u00e0 \u00e9tablir un Etat ind\u00e9pendant et souverain, ajoute la d\u00e9claration.<\/p>\n<p>Plus de 42.000 Palestiniens ont \u00e9t\u00e9 tu\u00e9s par l&#8217;offensive isra\u00e9lienne men\u00e9e depuis un an contre le Hamas, suite aux attaques lanc\u00e9es par ce dernier \u00e0 la fronti\u00e8re sud d&#8217;Isra\u00ebl le 7 octobre 2023.<\/p>\n<p>xinhua<\/p>\n","protected":false},"excerpt":{"rendered":"<p>LE CAIRE, 23 octobre (Xinhua) &#8212; Le plan d&#8217;Isra\u00ebl visant \u00e0 d\u00e9placer de force des centaines de milliers de Palestiniens, en particulier dans le nord de la bande de Gaza, causera davantage de souffrances humaines et constitue une agression contre la s\u00e9curit\u00e9 des pays arabes, a d\u00e9clar\u00e9 mardi le Conseil de la Ligue arabe. Dans &hellip;<\/p>\n","protected":false},"author":2,"featured_media":12144,"comment_status":"open","ping_status":"open","sticky":false,"template":"","format":"standard","meta":{"footnotes":""},"categories":[18,29],"tags":[],"class_list":["post-12143","post","type-post","status-publish","format-standard","has-post-thumbnail","hentry","category-actualites","category-monde"],"_links":{"self":[{"href":"https:\/\/ladepeche.mr\/index.php?rest_route=\/wp\/v2\/posts\/12143","targetHints":{"allow":["GET"]}}],"collection":[{"href":"https:\/\/ladepeche.mr\/index.php?rest_route=\/wp\/v2\/posts"}],"about":[{"href":"https:\/\/ladepeche.mr\/index.php?rest_route=\/wp\/v2\/types\/post"}],"author":[{"embeddable":true,"href":"https:\/\/ladepeche.mr\/index.php?rest_route=\/wp\/v2\/users\/2"}],"replies":[{"embeddable":true,"href":"https:\/\/ladepeche.mr\/index.php?rest_route=%2Fwp%2Fv2%2Fcomments&post=12143"}],"version-history":[{"count":1,"href":"https:\/\/ladepeche.mr\/index.php?rest_route=\/wp\/v2\/posts\/12143\/revisions"}],"predecessor-version":[{"id":12145,"href":"https:\/\/ladepeche.mr\/index.php?rest_route=\/wp\/v2\/posts\/12143\/revisions\/12145"}],"wp:featuredmedia":[{"embeddable":true,"href":"https:\/\/ladepeche.mr\/index.php?rest_route=\/wp\/v2\/media\/12144"}],"wp:attachment":[{"href":"https:\/\/ladepeche.mr\/index.php?rest_route=%2Fwp%2Fv2%2Fmedia&parent=12143"}],"wp:term":[{"taxonomy":"category","embeddable":true,"href":"https:\/\/ladepeche.mr\/index.php?rest_route=%2Fwp%2Fv2%2Fcategories&post=12143"},{"taxonomy":"post_tag","embeddable":true,"href":"https:\/\/ladepeche.mr\/index.php?rest_route=%2Fwp%2Fv2%2Ftags&post=12143"}],"curies":[{"name":"wp","href":"https:\/\/api.w.org\/{rel}","templated":true}]}}