{"id":12146,"date":"2024-10-23T14:11:21","date_gmt":"2024-10-23T14:11:21","guid":{"rendered":"https:\/\/ladepeche.mr\/?p=12146"},"modified":"2024-10-23T14:25:34","modified_gmt":"2024-10-23T14:25:34","slug":"session-extraordinaire-de-la-ligue-arabe-le-delegue-permanent-de-la-rim-appelle-la-communaute-internationale-a-assumer-ses-responsabilites-a-gaza","status":"publish","type":"post","link":"https:\/\/ladepeche.mr\/?p=12146","title":{"rendered":"Session extraordinaire de la ligue arabe : Le d\u00e9l\u00e9gu\u00e9 permanent de la RIM appelle la Communaut\u00e9 internationale \u00e0 assumer ses responsabilit\u00e9s \u00e0 Gaza"},"content":{"rendered":"<p>Le d\u00e9l\u00e9gu\u00e9 permanent de la Mauritanie aupr\u00e8s de la Ligue Arabe a appel\u00e9 mardi, \u00e0 l&#8217;occasion d&#8217;une session extraordinaire de la ligue arabe, tenue de l&#8217;organisation au Caire, la communaut\u00e9 internationale \u00e0 assumer ses responsabilit\u00e9s et \u00e0 faire respecter les conventions et accords constituant les fondements de son existence.<\/p>\n<p>Le d\u00e9l\u00e9gu\u00e9 mauritanien, Al Housssein Abdellah Deih, a notamment exprim\u00e9 l\u2019\u00e9tonnement de son pays face \u00e0 l\u2019impassibilit\u00e9 de la Communaut\u00e9 internationale relativement au g\u00e9nocide \u00e0 Gaza qui a pris des propensions catastrophiques.<\/p>\n<p>Le d\u00e9l\u00e9gu\u00e9 mauritanien a enfin estim\u00e9 que la responsabilit\u00e9 l\u00e9gale et morale de la communaut\u00e9 internationale est engag\u00e9e en rapport avec les conventions et les principes qui la fondent.<\/p>\n<p>La Mauritanie, rappelle-t-on, a condamn\u00e9 l\u2019agression isra\u00e9lienne contre les palestiniens, au lendemain du 7 octobre 2023, et appel\u00e9 \u00e0 une solution juste qui garantisse les droits des palestiniens \u00e0 la jouissance de leur Etat avec pour capitale Al Qoad Al Charif.<\/p>\n","protected":false},"excerpt":{"rendered":"<p>Le d\u00e9l\u00e9gu\u00e9 permanent de la Mauritanie aupr\u00e8s de la Ligue Arabe a appel\u00e9 mardi, \u00e0 l&#8217;occasion d&#8217;une session extraordinaire de la ligue arabe, tenue de l&#8217;organisation au Caire, la communaut\u00e9 internationale \u00e0 assumer ses responsabilit\u00e9s et \u00e0 faire respecter les conventions et accords constituant les fondements de son existence. Le d\u00e9l\u00e9gu\u00e9 mauritanien, Al Housssein Abdellah &hellip;<\/p>\n","protected":false},"author":2,"featured_media":12147,"comment_status":"open","ping_status":"open","sticky":false,"template":"","format":"standard","meta":{"footnotes":""},"categories":[18,29],"tags":[],"class_list":["post-12146","post","type-post","status-publish","format-standard","has-post-thumbnail","hentry","category-actualites","category-monde"],"_links":{"self":[{"href":"https:\/\/ladepeche.mr\/index.php?rest_route=\/wp\/v2\/posts\/12146","targetHints":{"allow":["GET"]}}],"collection":[{"href":"https:\/\/ladepeche.mr\/index.php?rest_route=\/wp\/v2\/posts"}],"about":[{"href":"https:\/\/ladepeche.mr\/index.php?rest_route=\/wp\/v2\/types\/post"}],"author":[{"embeddable":true,"href":"https:\/\/ladepeche.mr\/index.php?rest_route=\/wp\/v2\/users\/2"}],"replies":[{"embeddable":true,"href":"https:\/\/ladepeche.mr\/index.php?rest_route=%2Fwp%2Fv2%2Fcomments&post=12146"}],"version-history":[{"count":4,"href":"https:\/\/ladepeche.mr\/index.php?rest_route=\/wp\/v2\/posts\/12146\/revisions"}],"predecessor-version":[{"id":12151,"href":"https:\/\/ladepeche.mr\/index.php?rest_route=\/wp\/v2\/posts\/12146\/revisions\/12151"}],"wp:featuredmedia":[{"embeddable":true,"href":"https:\/\/ladepeche.mr\/index.php?rest_route=\/wp\/v2\/media\/12147"}],"wp:attachment":[{"href":"https:\/\/ladepeche.mr\/index.php?rest_route=%2Fwp%2Fv2%2Fmedia&parent=12146"}],"wp:term":[{"taxonomy":"category","embeddable":true,"href":"https:\/\/ladepeche.mr\/index.php?rest_route=%2Fwp%2Fv2%2Fcategories&post=12146"},{"taxonomy":"post_tag","embeddable":true,"href":"https:\/\/ladepeche.mr\/index.php?rest_route=%2Fwp%2Fv2%2Ftags&post=12146"}],"curies":[{"name":"wp","href":"https:\/\/api.w.org\/{rel}","templated":true}]}}