{"id":12152,"date":"2024-10-23T15:00:31","date_gmt":"2024-10-23T15:00:31","guid":{"rendered":"https:\/\/ladepeche.mr\/?p=12152"},"modified":"2024-10-23T14:42:56","modified_gmt":"2024-10-23T14:42:56","slug":"la-republique-de-lequateur-suspend-sa-reconnaissance-de-la-rasd","status":"publish","type":"post","link":"https:\/\/ladepeche.mr\/?p=12152","title":{"rendered":"La R\u00e9publique de l\u2019Equateur suspend sa reconnaissance de la &#8220;Rasd&#8221;."},"content":{"rendered":"<p>La r\u00e9publique de l\u2019Equateur a d\u00e9cid\u00e9 hier de suspendre sa reconnaissance de la &#8220;Rasd&#8221; qu&#8217;elle avait reconnue en 1983, avec l\u2019ouverture d\u2019une ambassade en 2009.<\/p>\n<p>La Ministre des Affaires Etrang\u00e8res de l&#8217;Equateur, Mme Gabriela Sommerfeld, a inform\u00e9, lors d\u2019un entretien t\u00e9l\u00e9phonique, son homologue marocain, M. Nasser Bourita, de cette d\u00e9cision et de la lettre de notification qu\u2019elle a adress\u00e9e \u00e0 la soi-disant repr\u00e9sentation des s\u00e9paratistes \u00e0 Quito.<\/p>\n<p>Une d\u00e9cision de l\u2019Equateur qui s\u2019inscrit dans la continuit\u00e9 de la dynamique impuls\u00e9e par Sa Majest\u00e9 le Roi Mohammed VI au cours des derni\u00e8res ann\u00e9es, afin de consacrer la marocanit\u00e9 du Sahara et le Plan d\u2019autonomie comme unique base de solution \u00e0 ce diff\u00e9rend r\u00e9gional.<\/p>\n<p>La d\u00e9cision de suspension de la reconnaissance de la &#8220;rasd&#8221; par l\u2019Equateur ouvre un nouveau chapitre dans les relations entre le Royaume du Maroc et ce pays d\u2019Am\u00e9rique Latine&#8230;<\/p>\n<p>Avec MAP<\/p>\n<p>&nbsp;<\/p>\n","protected":false},"excerpt":{"rendered":"<p>La r\u00e9publique de l\u2019Equateur a d\u00e9cid\u00e9 hier de suspendre sa reconnaissance de la &#8220;Rasd&#8221; qu&#8217;elle avait reconnue en 1983, avec l\u2019ouverture d\u2019une ambassade en 2009. La Ministre des Affaires Etrang\u00e8res de l&#8217;Equateur, Mme Gabriela Sommerfeld, a inform\u00e9, lors d\u2019un entretien t\u00e9l\u00e9phonique, son homologue marocain, M. Nasser Bourita, de cette d\u00e9cision et de la lettre de &hellip;<\/p>\n","protected":false},"author":2,"featured_media":12153,"comment_status":"open","ping_status":"open","sticky":false,"template":"","format":"standard","meta":{"footnotes":""},"categories":[18,29],"tags":[],"class_list":["post-12152","post","type-post","status-publish","format-standard","has-post-thumbnail","hentry","category-actualites","category-monde"],"_links":{"self":[{"href":"https:\/\/ladepeche.mr\/index.php?rest_route=\/wp\/v2\/posts\/12152","targetHints":{"allow":["GET"]}}],"collection":[{"href":"https:\/\/ladepeche.mr\/index.php?rest_route=\/wp\/v2\/posts"}],"about":[{"href":"https:\/\/ladepeche.mr\/index.php?rest_route=\/wp\/v2\/types\/post"}],"author":[{"embeddable":true,"href":"https:\/\/ladepeche.mr\/index.php?rest_route=\/wp\/v2\/users\/2"}],"replies":[{"embeddable":true,"href":"https:\/\/ladepeche.mr\/index.php?rest_route=%2Fwp%2Fv2%2Fcomments&post=12152"}],"version-history":[{"count":1,"href":"https:\/\/ladepeche.mr\/index.php?rest_route=\/wp\/v2\/posts\/12152\/revisions"}],"predecessor-version":[{"id":12154,"href":"https:\/\/ladepeche.mr\/index.php?rest_route=\/wp\/v2\/posts\/12152\/revisions\/12154"}],"wp:featuredmedia":[{"embeddable":true,"href":"https:\/\/ladepeche.mr\/index.php?rest_route=\/wp\/v2\/media\/12153"}],"wp:attachment":[{"href":"https:\/\/ladepeche.mr\/index.php?rest_route=%2Fwp%2Fv2%2Fmedia&parent=12152"}],"wp:term":[{"taxonomy":"category","embeddable":true,"href":"https:\/\/ladepeche.mr\/index.php?rest_route=%2Fwp%2Fv2%2Fcategories&post=12152"},{"taxonomy":"post_tag","embeddable":true,"href":"https:\/\/ladepeche.mr\/index.php?rest_route=%2Fwp%2Fv2%2Ftags&post=12152"}],"curies":[{"name":"wp","href":"https:\/\/api.w.org\/{rel}","templated":true}]}}