{"id":12155,"date":"2024-10-23T16:35:47","date_gmt":"2024-10-23T16:35:47","guid":{"rendered":"https:\/\/ladepeche.mr\/?p=12155"},"modified":"2024-10-23T16:35:47","modified_gmt":"2024-10-23T16:35:47","slug":"reunions-annuelles-bm-et-fmi-la-delegation-mauritanienne-discute-des-projets-energetiques-et-des-infrastructures","status":"publish","type":"post","link":"https:\/\/ladepeche.mr\/?p=12155","title":{"rendered":"R\u00e9unions annuelles BM et Fmi: La d\u00e9l\u00e9gation mauritanienne discute des projets \u00e9nerg\u00e9tiques et des infrastructures"},"content":{"rendered":"<p>Les ministres de l\u2019\u00c9conomie et des Finances, et de l\u2019\u00c9nergie et du P\u00e9trole faisant partie de la d\u00e9l\u00e9gation mauritanienne aux assises annuelles du Groupe de\u00a0la Banque Mondiale et du Fonds Mon\u00e9taire internationale, se sont entretenus avec les responsables de ces institutions en charge des volets de l\u2019\u00e9nergie et des infrastructures.<\/p>\n<p>Au centre des \u00e9changes entre les deux parties, en marge des r\u00e9unions BM-FMI, le portefeuille des projets d\u2019\u00e9nergie et d\u2019infrastructures mis en \u0153uvre en Mauritanie mais aussi l\u2019initiative conjointe de la Banque africaine de d\u00e9veloppement et de la Banque mondiale, visant \u00e0 fournir un acc\u00e8s \u00e0 l\u2019\u00e9lectricit\u00e9 \u00e0 300 millions d\u2019Africains subsahariens d\u2019ici 2030. Le lancement de cette initiative est pr\u00e9vu en janvier 2025 lors d\u2019une conf\u00e9rence \u00e0 Dar es-Salaam, en Tanzanie.<\/p>\n<p>Le projet d\u2019appui \u00e0 l\u2019\u00e9lectricit\u00e9, \u00e0 la gestion de l\u2019\u00e9nergie et \u00e0 l\u2019\u00e9largissement de l\u2019acc\u00e8s gr\u00e2ce au syst\u00e8me de stockage par batteries (BESS &#8211; Battery Energy Storage System) a \u00e9galement \u00e9t\u00e9 abord\u00e9. Ce syst\u00e8me permettra une utilisation optimis\u00e9e de l\u2019\u00e9lectricit\u00e9 et augmentera l\u2019efficacit\u00e9 des centrales \u00e9lectriques en int\u00e9grant une gestion combin\u00e9e de l\u2019\u00e9lectricit\u00e9 et des \u00e9nergies renouvelables.<\/p>\n","protected":false},"excerpt":{"rendered":"<p>Les ministres de l\u2019\u00c9conomie et des Finances, et de l\u2019\u00c9nergie et du P\u00e9trole faisant partie de la d\u00e9l\u00e9gation mauritanienne aux assises annuelles du Groupe de\u00a0la Banque Mondiale et du Fonds Mon\u00e9taire internationale, se sont entretenus avec les responsables de ces institutions en charge des volets de l\u2019\u00e9nergie et des infrastructures. Au centre des \u00e9changes entre &hellip;<\/p>\n","protected":false},"author":2,"featured_media":12156,"comment_status":"open","ping_status":"open","sticky":false,"template":"","format":"standard","meta":{"footnotes":""},"categories":[18,2],"tags":[],"class_list":["post-12155","post","type-post","status-publish","format-standard","has-post-thumbnail","hentry","category-actualites","category-economie"],"_links":{"self":[{"href":"https:\/\/ladepeche.mr\/index.php?rest_route=\/wp\/v2\/posts\/12155","targetHints":{"allow":["GET"]}}],"collection":[{"href":"https:\/\/ladepeche.mr\/index.php?rest_route=\/wp\/v2\/posts"}],"about":[{"href":"https:\/\/ladepeche.mr\/index.php?rest_route=\/wp\/v2\/types\/post"}],"author":[{"embeddable":true,"href":"https:\/\/ladepeche.mr\/index.php?rest_route=\/wp\/v2\/users\/2"}],"replies":[{"embeddable":true,"href":"https:\/\/ladepeche.mr\/index.php?rest_route=%2Fwp%2Fv2%2Fcomments&post=12155"}],"version-history":[{"count":1,"href":"https:\/\/ladepeche.mr\/index.php?rest_route=\/wp\/v2\/posts\/12155\/revisions"}],"predecessor-version":[{"id":12157,"href":"https:\/\/ladepeche.mr\/index.php?rest_route=\/wp\/v2\/posts\/12155\/revisions\/12157"}],"wp:featuredmedia":[{"embeddable":true,"href":"https:\/\/ladepeche.mr\/index.php?rest_route=\/wp\/v2\/media\/12156"}],"wp:attachment":[{"href":"https:\/\/ladepeche.mr\/index.php?rest_route=%2Fwp%2Fv2%2Fmedia&parent=12155"}],"wp:term":[{"taxonomy":"category","embeddable":true,"href":"https:\/\/ladepeche.mr\/index.php?rest_route=%2Fwp%2Fv2%2Fcategories&post=12155"},{"taxonomy":"post_tag","embeddable":true,"href":"https:\/\/ladepeche.mr\/index.php?rest_route=%2Fwp%2Fv2%2Ftags&post=12155"}],"curies":[{"name":"wp","href":"https:\/\/api.w.org\/{rel}","templated":true}]}}