{"id":12158,"date":"2024-10-23T17:00:15","date_gmt":"2024-10-23T17:00:15","guid":{"rendered":"https:\/\/ladepeche.mr\/?p=12158"},"modified":"2024-10-23T16:55:44","modified_gmt":"2024-10-23T16:55:44","slug":"premiere-dame-les-enfants-non-scolarises-doivent-etre-reintegres-dans-le-systeme-educatif","status":"publish","type":"post","link":"https:\/\/ladepeche.mr\/?p=12158","title":{"rendered":"Premi\u00e8re Dame: Les enfants non scolaris\u00e9s doivent \u00eatre r\u00e9int\u00e9gr\u00e9s dans le syst\u00e8me \u00e9ducatif"},"content":{"rendered":"<div class=\"row\">\u00abLes enfants d\u00e9scolaris\u00e9s repr\u00e9sentent les couches les plus vuln\u00e9rables de la soci\u00e9t\u00e9, et il est urgent de d\u00e9ployer des efforts concert\u00e9s pour les r\u00e9int\u00e9grer dans le syst\u00e8me \u00e9ducatif et dans la soci\u00e9t\u00e9, conform\u00e9ment aux buts et objectifs de l\u2019\u00e9cole r\u00e9publicaine, dont tous les enfants doivent b\u00e9n\u00e9ficier, et dont le gouvernement a fait un choix strat\u00e9gique pour r\u00e9former le syst\u00e8me \u00e9ducatif \u00bb, a d\u00e9clar\u00e9 la\u00a0Premi\u00e8re Dame Mari\u00e8me Vadhel Dah.<\/div>\n<div class=\"row\">\n<div class=\"cell auto-size\">\n<div class=\"set-border bd-gray padding10 margin10 no-margin-right no-margin-left \" dir=\"ltr\">\n<p>Cette d\u00e9claration a \u00e9t\u00e9 faite lors de la supervision, mardi, \u00e0 Nouakchott, du lancement du programme d\u2019int\u00e9gration scolaire 2024-2025 pour les enfants en situation difficile qui ne sont pas scolaris\u00e9s.<\/p>\n<\/div>\n<\/div>\n<\/div>\n<p>Elle a indiqu\u00e9 que les efforts du gouvernement ont permis l\u2019int\u00e9gration de ces enfants dans l\u2019\u00e9cole r\u00e9publicaine, o\u00f9 les efforts des diff\u00e9rents acteurs dans le domaine de la protection et de l\u2019int\u00e9gration des enfants ont \u00e9t\u00e9 conjugu\u00e9s, permettant la r\u00e9int\u00e9gration de plus de 1400 enfants au cours de cette ann\u00e9e scolaire dans les wilayas o\u00f9 le Centre de protection et d\u2019int\u00e9gration sociale des enfants dispose d\u2019antennes, exprimant son espoir de voir le travail se poursuivre \u00e0 ce rythme afin qu\u2019aucun enfant mauritanien ne reste sans \u00e9ducation et que les enfants soient exclusivement dans leurs espaces de s\u00e9curit\u00e9 qui sont l\u2019espace familial, l\u2019espace scolaire et l\u2019espace de loisir.<\/p>\n<p>La Premi\u00e8re Dame a mis en exergue les efforts exceptionnels d\u00e9ploy\u00e9s dans les wilayas touch\u00e9es par la mont\u00e9e des eaux du fleuve qui ont b\u00e9n\u00e9fici\u00e9 d\u2019un sursaut de solidarit\u00e9 national et d\u2019une campagne de soutien appr\u00e9ciable lanc\u00e9e par les pouvoirs publics en faveur des familles de la Vall\u00e9e.<\/p>\n<p>Elle a soulign\u00e9 que les groupes cibles d\u2019enfants, en fonction de leur vuln\u00e9rabilit\u00e9, n\u00e9cessitent un processus d\u2019int\u00e9gration professionnel et durable et le d\u00e9veloppement de la sensibilisation \u00e0 l\u2019importance de la scolarisation, en tenant compte des sp\u00e9cificit\u00e9s culturelles et civilisationnelles de notre pays. Elle a salu\u00e9 les efforts des autorit\u00e9s publiques pour l\u2019int\u00e9r\u00eat appr\u00e9ciable qu\u2019elles portent \u00e0 la protection sociale afin d\u2019autonomiser les enfants, de promouvoir les personnes handicap\u00e9es et de faire preuve de compassion \u00e0 l\u2019\u00e9gard des familles d\u00e9favoris\u00e9es et n\u00e9cessiteuses, soulignant qu\u2019il s\u2019agit d\u2019une approche originale d\u00e9velopp\u00e9e par les autorit\u00e9s publiques au cours des derni\u00e8res ann\u00e9es et incarn\u00e9e sur le terrain par des cadres juridiques, des structures institutionnelles et des sacrifices continus qui profitent aux personnes cibles.<\/p>\n<p>La Premi\u00e8re Dame a exprim\u00e9 sa joie de participer au lancement de cette c\u00e9r\u00e9monie, qui a des connotations de solidarit\u00e9 et d\u2019attention pour les enfants et de mobilisation des moyens de l\u2019\u00c9tat pour les \u00e9duquer, les encadrer et leur fournir des espaces s\u00fbrs pour leur \u00e9panouissement.<\/p>\n<p>Elle a remerci\u00e9 tous les partenaires techniques et de d\u00e9veloppement pour l\u2019accompagnement des activit\u00e9s du gouvernement li\u00e9es \u00e0 la protection et \u00e0 la prise en charge des enfants, en g\u00e9n\u00e9ral, et \u00e0 l\u2019int\u00e9gration des enfants sans soutien familial et d\u00e9scolaris\u00e9s, en particulier.<\/p>\n<p>M. Ahmed Ould Sghair, pr\u00e9sident de la F\u00e9d\u00e9ration nationale des associations des parents d\u2019\u00e9l\u00e8ves, a indiqu\u00e9 que la grande faiblesse de l\u2019enseignement, avant l\u2019instauration de l\u2019\u00e9cole r\u00e9publicaine, \u00e9tait due au ph\u00e9nom\u00e8ne de la d\u00e9perdition scolaire. Il a souhait\u00e9, de ce fait, que ce ph\u00e9nom\u00e8ne disparaisse dans le cadre de l\u2019\u00e9cole r\u00e9publicaine, ajoutant que l\u2019initiative d\u2019int\u00e9gration de cette frange aura de grandes r\u00e9percussions sur la soci\u00e9t\u00e9.<\/p>\n<p>Pour sa part, le repr\u00e9sentant de l\u2019UNICEF en Mauritanie, M. El Kebir Mdarhri Alaoui, a expliqu\u00e9 que la mise en place des Centres de protection et d\u2019int\u00e9gration sociale de l\u2019enfant par le minist\u00e8re de l\u2019Action sociale est une \u00e9tape tr\u00e8s importante qui traduit l\u2019engagement de la Mauritanie en faveur de la protection des enfants d\u00e9favoris\u00e9s, ajoutant que ces centres contribuent non seulement \u00e0 leur protection, mais renforcent \u00e9galement les engagements nationaux et internationaux du pays \u00e0 assurer une \u00e9ducation inclusive et de qualit\u00e9 pour chaque enfant, tout en soulignant l\u2019engagement de l\u2019UNICEF \u00e0 accompagner le processus de redynamisarion des centres avec d\u00e9termination afin de r\u00e9habiliter ce groupe et de lutter contre toutes les formes de violence qui affectent ces enfants en particulier la n\u00e9gligence de leur \u00e9ducation.<\/p>\n<p>Le programme b\u00e9n\u00e9ficiera \u00e0 1 441 enfants souffrant d\u2019abandon scolaire qui seront r\u00e9int\u00e9gr\u00e9s dans les \u00e9coles, ainsi que des transferts financiers pour les aider \u00e0 pr\u00e9parer l\u2019ann\u00e9e scolaire 2024-2025.<\/p>\n<p>Le programme a \u00e9t\u00e9 lanc\u00e9 en pr\u00e9sence de plusieurs membres du gouvernement, de repr\u00e9sentants des autorit\u00e9s administratives et s\u00e9curitaires de la wilaya de Nouakchott Ouest et du pr\u00e9sident du patronat mauritanien.<\/p>\n<p>Ami<\/p>\n","protected":false},"excerpt":{"rendered":"<p>\u00abLes enfants d\u00e9scolaris\u00e9s repr\u00e9sentent les couches les plus vuln\u00e9rables de la soci\u00e9t\u00e9, et il est urgent de d\u00e9ployer des efforts concert\u00e9s pour les r\u00e9int\u00e9grer dans le syst\u00e8me \u00e9ducatif et dans la soci\u00e9t\u00e9, conform\u00e9ment aux buts et objectifs de l\u2019\u00e9cole r\u00e9publicaine, dont tous les enfants doivent b\u00e9n\u00e9ficier, et dont le gouvernement a fait un choix strat\u00e9gique &hellip;<\/p>\n","protected":false},"author":2,"featured_media":12159,"comment_status":"open","ping_status":"open","sticky":false,"template":"","format":"standard","meta":{"footnotes":""},"categories":[18],"tags":[],"class_list":["post-12158","post","type-post","status-publish","format-standard","has-post-thumbnail","hentry","category-actualites"],"_links":{"self":[{"href":"https:\/\/ladepeche.mr\/index.php?rest_route=\/wp\/v2\/posts\/12158","targetHints":{"allow":["GET"]}}],"collection":[{"href":"https:\/\/ladepeche.mr\/index.php?rest_route=\/wp\/v2\/posts"}],"about":[{"href":"https:\/\/ladepeche.mr\/index.php?rest_route=\/wp\/v2\/types\/post"}],"author":[{"embeddable":true,"href":"https:\/\/ladepeche.mr\/index.php?rest_route=\/wp\/v2\/users\/2"}],"replies":[{"embeddable":true,"href":"https:\/\/ladepeche.mr\/index.php?rest_route=%2Fwp%2Fv2%2Fcomments&post=12158"}],"version-history":[{"count":1,"href":"https:\/\/ladepeche.mr\/index.php?rest_route=\/wp\/v2\/posts\/12158\/revisions"}],"predecessor-version":[{"id":12160,"href":"https:\/\/ladepeche.mr\/index.php?rest_route=\/wp\/v2\/posts\/12158\/revisions\/12160"}],"wp:featuredmedia":[{"embeddable":true,"href":"https:\/\/ladepeche.mr\/index.php?rest_route=\/wp\/v2\/media\/12159"}],"wp:attachment":[{"href":"https:\/\/ladepeche.mr\/index.php?rest_route=%2Fwp%2Fv2%2Fmedia&parent=12158"}],"wp:term":[{"taxonomy":"category","embeddable":true,"href":"https:\/\/ladepeche.mr\/index.php?rest_route=%2Fwp%2Fv2%2Fcategories&post=12158"},{"taxonomy":"post_tag","embeddable":true,"href":"https:\/\/ladepeche.mr\/index.php?rest_route=%2Fwp%2Fv2%2Ftags&post=12158"}],"curies":[{"name":"wp","href":"https:\/\/api.w.org\/{rel}","templated":true}]}}