{"id":12176,"date":"2024-10-23T23:58:04","date_gmt":"2024-10-23T23:58:04","guid":{"rendered":"https:\/\/ladepeche.mr\/?p=12176"},"modified":"2024-10-23T23:58:04","modified_gmt":"2024-10-23T23:58:04","slug":"le-ministre-de-la-defense-recoit-le-chef-du-commandement-des-forces-francaises-en-afrique","status":"publish","type":"post","link":"https:\/\/ladepeche.mr\/?p=12176","title":{"rendered":"Le ministre de la D\u00e9fense re\u00e7oit le chef du commandement des forces fran\u00e7aises en Afrique"},"content":{"rendered":"<p>Le ministre de la d\u00e9fense, des affaires des retrait\u00e9s et des enfants des martyrs, M. Hanana Ould Sidi, a re\u00e7u, mercredi apr\u00e8s-midi, le Le g\u00e9n\u00e9ral Pascal Ianni, chef du commandement militaire fran\u00e7ais pour l\u2019Afrique.<\/p>\n<p>Au cours de l\u2019entretien, le ministre de la D\u00e9fense et le haut responsable militaire fran\u00e7ais ont \u00e9voqu\u00e9 les aspects de la coop\u00e9ration entre notre pays et la France et les moyens de la renforcer.<\/p>\n<p>Ami<\/p>\n","protected":false},"excerpt":{"rendered":"<p>Le ministre de la d\u00e9fense, des affaires des retrait\u00e9s et des enfants des martyrs, M. Hanana Ould Sidi, a re\u00e7u, mercredi apr\u00e8s-midi, le Le g\u00e9n\u00e9ral Pascal Ianni, chef du commandement militaire fran\u00e7ais pour l\u2019Afrique. Au cours de l\u2019entretien, le ministre de la D\u00e9fense et le haut responsable militaire fran\u00e7ais ont \u00e9voqu\u00e9 les aspects de la &hellip;<\/p>\n","protected":false},"author":2,"featured_media":12177,"comment_status":"open","ping_status":"open","sticky":false,"template":"","format":"standard","meta":{"footnotes":""},"categories":[18],"tags":[],"class_list":["post-12176","post","type-post","status-publish","format-standard","has-post-thumbnail","hentry","category-actualites"],"_links":{"self":[{"href":"https:\/\/ladepeche.mr\/index.php?rest_route=\/wp\/v2\/posts\/12176","targetHints":{"allow":["GET"]}}],"collection":[{"href":"https:\/\/ladepeche.mr\/index.php?rest_route=\/wp\/v2\/posts"}],"about":[{"href":"https:\/\/ladepeche.mr\/index.php?rest_route=\/wp\/v2\/types\/post"}],"author":[{"embeddable":true,"href":"https:\/\/ladepeche.mr\/index.php?rest_route=\/wp\/v2\/users\/2"}],"replies":[{"embeddable":true,"href":"https:\/\/ladepeche.mr\/index.php?rest_route=%2Fwp%2Fv2%2Fcomments&post=12176"}],"version-history":[{"count":1,"href":"https:\/\/ladepeche.mr\/index.php?rest_route=\/wp\/v2\/posts\/12176\/revisions"}],"predecessor-version":[{"id":12178,"href":"https:\/\/ladepeche.mr\/index.php?rest_route=\/wp\/v2\/posts\/12176\/revisions\/12178"}],"wp:featuredmedia":[{"embeddable":true,"href":"https:\/\/ladepeche.mr\/index.php?rest_route=\/wp\/v2\/media\/12177"}],"wp:attachment":[{"href":"https:\/\/ladepeche.mr\/index.php?rest_route=%2Fwp%2Fv2%2Fmedia&parent=12176"}],"wp:term":[{"taxonomy":"category","embeddable":true,"href":"https:\/\/ladepeche.mr\/index.php?rest_route=%2Fwp%2Fv2%2Fcategories&post=12176"},{"taxonomy":"post_tag","embeddable":true,"href":"https:\/\/ladepeche.mr\/index.php?rest_route=%2Fwp%2Fv2%2Ftags&post=12176"}],"curies":[{"name":"wp","href":"https:\/\/api.w.org\/{rel}","templated":true}]}}