{"id":12179,"date":"2024-10-24T12:47:35","date_gmt":"2024-10-24T12:47:35","guid":{"rendered":"https:\/\/ladepeche.mr\/?p=12179"},"modified":"2024-10-24T12:47:35","modified_gmt":"2024-10-24T12:47:35","slug":"arrestation-en-espagne-de-deux-presumes-partisans-de-daech-en-collaboration-avec-le-service-marocain-dgst","status":"publish","type":"post","link":"https:\/\/ladepeche.mr\/?p=12179","title":{"rendered":"Arrestation en Espagne de deux pr\u00e9sum\u00e9s partisans de \u00ab DAECH \u00bb en collaboration avec le Service marocain \u00ab DGST \u00bb"},"content":{"rendered":"<p>Madrid- La Police Nationale Espagnole a annonc\u00e9, vendredi dernier, l&#8217;arrestation de deux individus pr\u00e9sum\u00e9s membres de l\u2019Organisation Terroriste \u00ab\u00a0DAECH\u00a0\u00bb, au Nord de l&#8217;Espagne, lors d&#8217;une op\u00e9ration men\u00e9e en collaboration avec le Service marocain de la Direction G\u00e9n\u00e9rale de la Surveillance du Territoire \u00ab\u00a0DGST\u00a0\u00bb.<\/p>\n<p>La police espagnole pr\u00e9cise dans un communiqu\u00e9 que \u2018\u2019les suspects ont \u00e9t\u00e9 arr\u00eat\u00e9s, dans les villes d&#8217;Itsasondo (Guip\u00fazcoa) et Avil\u00e9s (Asturies), pour leur implication pr\u00e9sum\u00e9e dans des d\u00e9lits d&#8217;endoctrinement, de diffusion de propagande terroriste et d&#8217;incitation \u00e0 commettre des actes violents\u2019\u2019.<\/p>\n<p>Selon les donn\u00e9es pr\u00e9liminaires de l&#8217;enqu\u00eate, \u2018\u2019les mis en cause faisaient l&#8217;objet d&#8217;une surveillance rigoureuse depuis le d\u00e9but de l&#8217;ann\u00e9e en raison de leurs activit\u00e9s suspectes sur les r\u00e9seaux sociaux, o\u00f9 ils diffusaient des messages de soutien \u00e0 \u00ab\u00a0DAECH\u00a0\u00bb, incitant \u00e0 la violence et au terrorisme\u2019\u2019.<\/p>\n<p>L&#8217;op\u00e9ration, men\u00e9e sous la supervision du Tribunal Central d&#8217;Instruction en coordination avec le minist\u00e8re public de l&#8217;Audience Nationale, a b\u00e9n\u00e9fici\u00e9 de\u2019\u2019 l&#8217;appui\u00a0 de la Direction G\u00e9n\u00e9rale de la S\u00e9curit\u00e9 du Territoire \u00ab\u00a0DGST\u00a0\u00bb\u2019\u2019, indique la Police Nationale Espagnole, rappelant que \u2018\u2019gr\u00e2ce \u00e0 cette collaboration, de nombreux terroristes ont \u00e9t\u00e9 appr\u00e9hend\u00e9s au cours des derni\u00e8res ann\u00e9es\u2019\u2019.<\/p>\n<p>Cette coop\u00e9ration internationale &#8220;est essentielle&#8221; pour renforcer l&#8217;efficacit\u00e9 de la lutte antiterroriste, gr\u00e2ce au professionnalisme remarquable et \u00e0 la connaissance approfondie de la menace terroriste des services impliqu\u00e9s, souligne-t-on.<\/p>\n<p>Elle illustre \u00e9galement l&#8217;engagement soutenu pour combattre le terrorisme aussi bien sur le territoire espagnol qu&#8217;au-del\u00e0, dans le cadre de partenariats internationaux, &#8220;une priorit\u00e9 strat\u00e9gique pour la police nationale&#8221;, conclut le communiqu\u00e9.<\/p>\n<p>Gr\u00e2ce \u00e0 son expertise et \u00e0 sa collaboration, ainsi qu\u2019\u00e0 sa vision strat\u00e9gique, le Service marocain de la \u00ab\u00a0DGST\u00a0\u00bb reste un partenaire cl\u00e9 et tr\u00e8s actif qui continue de contribuer \u00e0 la stabilit\u00e9 r\u00e9gionale et internationale.<\/p>\n","protected":false},"excerpt":{"rendered":"<p>Madrid- La Police Nationale Espagnole a annonc\u00e9, vendredi dernier, l&#8217;arrestation de deux individus pr\u00e9sum\u00e9s membres de l\u2019Organisation Terroriste \u00ab\u00a0DAECH\u00a0\u00bb, au Nord de l&#8217;Espagne, lors d&#8217;une op\u00e9ration men\u00e9e en collaboration avec le Service marocain de la Direction G\u00e9n\u00e9rale de la Surveillance du Territoire \u00ab\u00a0DGST\u00a0\u00bb. La police espagnole pr\u00e9cise dans un communiqu\u00e9 que \u2018\u2019les suspects ont \u00e9t\u00e9 &hellip;<\/p>\n","protected":false},"author":2,"featured_media":12180,"comment_status":"open","ping_status":"open","sticky":false,"template":"","format":"standard","meta":{"footnotes":""},"categories":[18,29],"tags":[],"class_list":["post-12179","post","type-post","status-publish","format-standard","has-post-thumbnail","hentry","category-actualites","category-monde"],"_links":{"self":[{"href":"https:\/\/ladepeche.mr\/index.php?rest_route=\/wp\/v2\/posts\/12179","targetHints":{"allow":["GET"]}}],"collection":[{"href":"https:\/\/ladepeche.mr\/index.php?rest_route=\/wp\/v2\/posts"}],"about":[{"href":"https:\/\/ladepeche.mr\/index.php?rest_route=\/wp\/v2\/types\/post"}],"author":[{"embeddable":true,"href":"https:\/\/ladepeche.mr\/index.php?rest_route=\/wp\/v2\/users\/2"}],"replies":[{"embeddable":true,"href":"https:\/\/ladepeche.mr\/index.php?rest_route=%2Fwp%2Fv2%2Fcomments&post=12179"}],"version-history":[{"count":1,"href":"https:\/\/ladepeche.mr\/index.php?rest_route=\/wp\/v2\/posts\/12179\/revisions"}],"predecessor-version":[{"id":12181,"href":"https:\/\/ladepeche.mr\/index.php?rest_route=\/wp\/v2\/posts\/12179\/revisions\/12181"}],"wp:featuredmedia":[{"embeddable":true,"href":"https:\/\/ladepeche.mr\/index.php?rest_route=\/wp\/v2\/media\/12180"}],"wp:attachment":[{"href":"https:\/\/ladepeche.mr\/index.php?rest_route=%2Fwp%2Fv2%2Fmedia&parent=12179"}],"wp:term":[{"taxonomy":"category","embeddable":true,"href":"https:\/\/ladepeche.mr\/index.php?rest_route=%2Fwp%2Fv2%2Fcategories&post=12179"},{"taxonomy":"post_tag","embeddable":true,"href":"https:\/\/ladepeche.mr\/index.php?rest_route=%2Fwp%2Fv2%2Ftags&post=12179"}],"curies":[{"name":"wp","href":"https:\/\/api.w.org\/{rel}","templated":true}]}}