{"id":12182,"date":"2024-10-24T12:53:05","date_gmt":"2024-10-24T12:53:05","guid":{"rendered":"https:\/\/ladepeche.mr\/?p=12182"},"modified":"2024-10-24T12:53:05","modified_gmt":"2024-10-24T12:53:05","slug":"bcm-communique-de-presse","status":"publish","type":"post","link":"https:\/\/ladepeche.mr\/?p=12182","title":{"rendered":"BCM: Communiqu\u00e9 de presse"},"content":{"rendered":"<p>Washington, le 23 octobre 2024- Dans le cadre des Assembl\u00e9es Annuelles du Fonds Mon\u00e9taire International (FMI) et de la Banque Mondiale, le Gouverneur de la Banque Centrale de Mauritanie (BCM), accompagn\u00e9 du Ministre de l\u2019\u00c9conomie et des Finances, a particip\u00e9 ce mercredi 23 octobre \u00e0 la r\u00e9union des Ministres et Gouverneurs de la R\u00e9gion Moyen-Orient, Afrique du Nord, Afghanistan et Pakistan (MENAP) avec la Directrice G\u00e9n\u00e9rale du FMI. Cette rencontre a permis d\u2019\u00e9changer sur les d\u00e9fis \u00e9conomiques de la r\u00e9gion et les mesures \u00e0 prendre pour soutenir la croissance et la stabilit\u00e9 financi\u00e8re.<\/p>\n<p>En marge de ces travaux, le Gouverneur de la BCM a tenu une r\u00e9union bilat\u00e9rale avec une d\u00e9l\u00e9gation de la R\u00e9serve F\u00e9d\u00e9rale de New York, compos\u00e9e de hauts responsables, parmi lesquels Max Flescher, Narahari Phatak, Anne Baum, et d\u2019autres sp\u00e9cialistes de la conformit\u00e9, de la gestion des risques et des relations internationales. La d\u00e9l\u00e9gation a salu\u00e9 les r\u00e9formes importantes mises en \u0153uvre par la BCM. Ils ont \u00e9galement exprim\u00e9 leur satisfaction quant \u00e0 l\u2019excellence des relations entre les deux institutions. Une visite de la R\u00e9serve F\u00e9d\u00e9rale de New York \u00e0 la BCM est pr\u00e9vue pour d\u00e9cembre 2024 afin de consolider ces liens.<\/p>\n<p>Par ailleurs, le Gouverneur de la BCM a particip\u00e9 \u00e0 une r\u00e9union organis\u00e9e par la Banque des R\u00e8glements Internationaux (BRI) avec les Gouverneurs des banques centrales africaines. L\u2019objectif de cette rencontre \u00e9tait de renforcer la coop\u00e9ration entre la BRI et les banques centrales africaines pour mieux r\u00e9pondre aux d\u00e9fis communs li\u00e9s \u00e0 la stabilit\u00e9 financi\u00e8re et \u00e0 l\u2019int\u00e9gration r\u00e9gionale.<\/p>\n","protected":false},"excerpt":{"rendered":"<p>Washington, le 23 octobre 2024- Dans le cadre des Assembl\u00e9es Annuelles du Fonds Mon\u00e9taire International (FMI) et de la Banque Mondiale, le Gouverneur de la Banque Centrale de Mauritanie (BCM), accompagn\u00e9 du Ministre de l\u2019\u00c9conomie et des Finances, a particip\u00e9 ce mercredi 23 octobre \u00e0 la r\u00e9union des Ministres et Gouverneurs de la R\u00e9gion Moyen-Orient, &hellip;<\/p>\n","protected":false},"author":2,"featured_media":12183,"comment_status":"open","ping_status":"open","sticky":false,"template":"","format":"standard","meta":{"footnotes":""},"categories":[18,2],"tags":[],"class_list":["post-12182","post","type-post","status-publish","format-standard","has-post-thumbnail","hentry","category-actualites","category-economie"],"_links":{"self":[{"href":"https:\/\/ladepeche.mr\/index.php?rest_route=\/wp\/v2\/posts\/12182","targetHints":{"allow":["GET"]}}],"collection":[{"href":"https:\/\/ladepeche.mr\/index.php?rest_route=\/wp\/v2\/posts"}],"about":[{"href":"https:\/\/ladepeche.mr\/index.php?rest_route=\/wp\/v2\/types\/post"}],"author":[{"embeddable":true,"href":"https:\/\/ladepeche.mr\/index.php?rest_route=\/wp\/v2\/users\/2"}],"replies":[{"embeddable":true,"href":"https:\/\/ladepeche.mr\/index.php?rest_route=%2Fwp%2Fv2%2Fcomments&post=12182"}],"version-history":[{"count":1,"href":"https:\/\/ladepeche.mr\/index.php?rest_route=\/wp\/v2\/posts\/12182\/revisions"}],"predecessor-version":[{"id":12184,"href":"https:\/\/ladepeche.mr\/index.php?rest_route=\/wp\/v2\/posts\/12182\/revisions\/12184"}],"wp:featuredmedia":[{"embeddable":true,"href":"https:\/\/ladepeche.mr\/index.php?rest_route=\/wp\/v2\/media\/12183"}],"wp:attachment":[{"href":"https:\/\/ladepeche.mr\/index.php?rest_route=%2Fwp%2Fv2%2Fmedia&parent=12182"}],"wp:term":[{"taxonomy":"category","embeddable":true,"href":"https:\/\/ladepeche.mr\/index.php?rest_route=%2Fwp%2Fv2%2Fcategories&post=12182"},{"taxonomy":"post_tag","embeddable":true,"href":"https:\/\/ladepeche.mr\/index.php?rest_route=%2Fwp%2Fv2%2Ftags&post=12182"}],"curies":[{"name":"wp","href":"https:\/\/api.w.org\/{rel}","templated":true}]}}