{"id":12195,"date":"2024-10-24T15:30:17","date_gmt":"2024-10-24T15:30:17","guid":{"rendered":"https:\/\/ladepeche.mr\/?p=12195"},"modified":"2024-10-24T14:29:18","modified_gmt":"2024-10-24T14:29:18","slug":"le-ministre-de-leconomie-et-des-finances-expose-limportance-dune-reconstitution-robuste-de-lida","status":"publish","type":"post","link":"https:\/\/ladepeche.mr\/?p=12195","title":{"rendered":"Le ministre de l\u2019\u00c9conomie et des Finances expose l&#8217;importance d&#8217;une reconstitution robuste de l\u2019IDA"},"content":{"rendered":"<p>Son Excellence le ministre de l\u2019\u00c9conomie et des Finances, M. Sid\u2019Ahmed Ould Bouh, a d\u00e9clar\u00e9 que les financements de l\u2019Association internationale de d\u00e9veloppement (IDA) constituent une bou\u00e9e de sauvetage pour de nombreux pays \u00e0 faible revenu, qui d\u00e9pendent des subventions et des pr\u00eats \u00e0 faible ou z\u00e9ro int\u00e9r\u00eat de l\u2019IDA pour des investissements essentiels dans la sant\u00e9, l\u2019\u00e9ducation, les infrastructures et le d\u00e9veloppement \u00e9conomique.<br \/>\nLe ministre s\u2019exprimait au nom de la pr\u00e9sidence de l\u2019Union africaine, assur\u00e9e par Son Excellence Monsieur Mohamed Ould Cheikh El Ghazouani, Pr\u00e9sident de la R\u00e9publique, lors d&#8217;une conf\u00e9rence de haut niveau sur le 21e cycle de reconstitution des ressources de l\u2019IDA intitul\u00e9e &#8220;Obtenir des r\u00e9sultats en temps de crise&#8221;, organis\u00e9e par la Banque mondiale \u00e0 Washington mercredi matin, dans le cadre des r\u00e9unions annuelles du Groupe de la Banque mondiale et du Fonds mon\u00e9taire international.<\/p>\n<p>Le ministre a tenu \u00e0 transmettre, en d\u00e9but de son discours, les salutations de Son Excellence le Pr\u00e9sident de la R\u00e9publique aux participants. Il a ensuite soulign\u00e9 l&#8217;importance particuli\u00e8re que Son Excellence accorde \u00e0 cette institution, pr\u00e9cisant qu\u2019il a salu\u00e9, \u00e0 plusieurs reprises, la performance de l\u2019IDA, notamment lors des conf\u00e9rences de Nairobi et d\u2019Abidjan, o\u00f9 il a lanc\u00e9 un \u00e0 une reconstitution des ressources de l\u2019institution en Afrique.<\/p>\n<p>S\u2019agissant de l\u2019appel \u00e0 la reconstitution de l\u2019IDA \u00e0 hauteur de 120 milliards de dollars en faveur de l\u2019Afrique, le ministre a indiqu\u00e9 qu\u2019il refl\u00e8te l\u2019ampleur des d\u00e9fis auxquels sont confront\u00e9s les pays, en particulier en Afrique.<br \/>\nIl a ajout\u00e9 que l\u2019IDA est le premier pourvoyeur de financement concessionnel sur le continent africain, faisant savoir que les financements de celle-ci en Afrique ont doubl\u00e9 au cours des cinq derni\u00e8res ann\u00e9es, passant de 59 milliards \u00e0 119 milliards de dollars. Cela contribue, dit-il, \u00e0 att\u00e9nuer le risque d\u2019endettement, alors que plus de la moiti\u00e9 des pays africains sont confront\u00e9s \u00e0 des charges de dette insoutenables. En effet, les pays du continent consacrent 45 % de leurs revenus au remboursement de la dette, des ressources qui devraient \u00eatre utilis\u00e9es aux besoins urgents de d\u00e9veloppement. Ainsi, les financements de l\u2019IDA, comportant une part importante de subventions et de pr\u00eats \u00e0 long terme abordables, rev\u00eatent une importance cruciale.<\/p>\n<p>Le ministre a, par ailleurs, affirm\u00e9 que l\u2019appel de reconstitution de l\u2019IDA traduit l\u2019ambition des Etats d\u2019obtenir les ressources n\u00e9cessaires pour maintenir l\u2019\u00e9lan amorc\u00e9 et r\u00e9pondre \u00e0 la crise croissante de la dette, permettant ainsi aux pays les plus pauvres de poursuivre leur trajectoire de d\u00e9veloppement durable.<\/p>\n<p>Il a \u00e9galement attir\u00e9 l\u2019attention sur le fait que l\u2019Afrique a elle-m\u00eame contribu\u00e9 \u00e0 la mobilisation des ressources lors du 20e cycle de reconstitution, avec la participation de plusieurs pays africains, dont l\u2019Alg\u00e9rie, l\u2019Angola et l\u2019Afrique du Sud, ce qui t\u00e9moigne de leur engagement en faveur de cette cause.<\/p>\n<p>Le ministre a, enfin, soulign\u00e9 qu\u2019il ne s\u2019agit pas d\u2019un appel \u00e0 des efforts extraodinaire de la part des donateurs, mais d&#8217;une responsabilit\u00e9 collective pour permettre la continuit\u00e9 de ce travail vital.<\/p>\n<p>Le conf\u00e9rence a r\u00e9uni des ministres de diff\u00e9rents pays concern\u00e9s, le Pr\u00e9sident du Groupe de la Banque mondiale, M. Ajay Banga, ainsi que la d\u00e9l\u00e9gation mauritanienne participant aux r\u00e9unions annuelles.<\/p>\n","protected":false},"excerpt":{"rendered":"<p>Son Excellence le ministre de l\u2019\u00c9conomie et des Finances, M. Sid\u2019Ahmed Ould Bouh, a d\u00e9clar\u00e9 que les financements de l\u2019Association internationale de d\u00e9veloppement (IDA) constituent une bou\u00e9e de sauvetage pour de nombreux pays \u00e0 faible revenu, qui d\u00e9pendent des subventions et des pr\u00eats \u00e0 faible ou z\u00e9ro int\u00e9r\u00eat de l\u2019IDA pour des investissements essentiels dans &hellip;<\/p>\n","protected":false},"author":2,"featured_media":12186,"comment_status":"open","ping_status":"open","sticky":false,"template":"","format":"standard","meta":{"footnotes":""},"categories":[18,2],"tags":[],"class_list":["post-12195","post","type-post","status-publish","format-standard","has-post-thumbnail","hentry","category-actualites","category-economie"],"_links":{"self":[{"href":"https:\/\/ladepeche.mr\/index.php?rest_route=\/wp\/v2\/posts\/12195","targetHints":{"allow":["GET"]}}],"collection":[{"href":"https:\/\/ladepeche.mr\/index.php?rest_route=\/wp\/v2\/posts"}],"about":[{"href":"https:\/\/ladepeche.mr\/index.php?rest_route=\/wp\/v2\/types\/post"}],"author":[{"embeddable":true,"href":"https:\/\/ladepeche.mr\/index.php?rest_route=\/wp\/v2\/users\/2"}],"replies":[{"embeddable":true,"href":"https:\/\/ladepeche.mr\/index.php?rest_route=%2Fwp%2Fv2%2Fcomments&post=12195"}],"version-history":[{"count":1,"href":"https:\/\/ladepeche.mr\/index.php?rest_route=\/wp\/v2\/posts\/12195\/revisions"}],"predecessor-version":[{"id":12196,"href":"https:\/\/ladepeche.mr\/index.php?rest_route=\/wp\/v2\/posts\/12195\/revisions\/12196"}],"wp:featuredmedia":[{"embeddable":true,"href":"https:\/\/ladepeche.mr\/index.php?rest_route=\/wp\/v2\/media\/12186"}],"wp:attachment":[{"href":"https:\/\/ladepeche.mr\/index.php?rest_route=%2Fwp%2Fv2%2Fmedia&parent=12195"}],"wp:term":[{"taxonomy":"category","embeddable":true,"href":"https:\/\/ladepeche.mr\/index.php?rest_route=%2Fwp%2Fv2%2Fcategories&post=12195"},{"taxonomy":"post_tag","embeddable":true,"href":"https:\/\/ladepeche.mr\/index.php?rest_route=%2Fwp%2Fv2%2Ftags&post=12195"}],"curies":[{"name":"wp","href":"https:\/\/api.w.org\/{rel}","templated":true}]}}