{"id":12200,"date":"2024-10-25T10:56:27","date_gmt":"2024-10-25T10:56:27","guid":{"rendered":"https:\/\/ladepeche.mr\/?p=12200"},"modified":"2024-10-25T10:56:27","modified_gmt":"2024-10-25T10:56:27","slug":"kazan-le-renforcement-de-la-cooperation-bilaterale-au-menu-dune-rencontre-entre-mohamed-ghazouani-et-vladimir-poutine","status":"publish","type":"post","link":"https:\/\/ladepeche.mr\/?p=12200","title":{"rendered":"Kazan: Le renforcement de la coop\u00e9ration bilat\u00e9rale au menu d\u2019une rencontre entre Mohamed Ghazouani et Vladimir Poutine"},"content":{"rendered":"<p>Les pr\u00e9sidents mauritanien, Mohamed Ould Ghazouani, et russe, Vladimir Poutine, ont insist\u00e9, lors d\u2019une rencontre en marge du sommet des Bricks \u00e0 Kazan, l\u2019int\u00e9r\u00eat de renforcer les relations de coop\u00e9ration et de d\u2019amiti\u00e9 existant entre les deux pays.<\/p>\n<p>La rencontre \u00e9largie \u00e0 de fortes d\u00e9l\u00e9gations des deux pays comprenant notamment les deux ministres des affaires \u00e9trang\u00e8res, Mohamed Salem Merzoug, et Sergei Lavrov, a pass\u00e9 en revue les moyens de rehausser la coop\u00e9ration notamment \u00e0 travers des investissements crois\u00e9s. Elle s\u2019est \u00e9galement appesantie sur la situation internationale en Afrique et dans le monde.<\/p>\n<p>A noter que la Mauritanie et la Russie entretiennent d\u2019excellentes relations bilat\u00e9rales marqu\u00e9e par plusieurs accords dans divers domaines strat\u00e9giques et proc\u00e8dent \u00e0 des \u00e9changes r\u00e9guliers dont le dernier en date est la visite effectu\u00e9e \u00e0 Nouakchott, en f\u00e9vrier 2023 par le chef de la diplomatie russe, Sergei Lavrov.<\/p>\n<p>&nbsp;<\/p>\n","protected":false},"excerpt":{"rendered":"<p>Les pr\u00e9sidents mauritanien, Mohamed Ould Ghazouani, et russe, Vladimir Poutine, ont insist\u00e9, lors d\u2019une rencontre en marge du sommet des Bricks \u00e0 Kazan, l\u2019int\u00e9r\u00eat de renforcer les relations de coop\u00e9ration et de d\u2019amiti\u00e9 existant entre les deux pays. La rencontre \u00e9largie \u00e0 de fortes d\u00e9l\u00e9gations des deux pays comprenant notamment les deux ministres des affaires &hellip;<\/p>\n","protected":false},"author":2,"featured_media":12201,"comment_status":"open","ping_status":"open","sticky":false,"template":"","format":"standard","meta":{"footnotes":""},"categories":[18,29],"tags":[],"class_list":["post-12200","post","type-post","status-publish","format-standard","has-post-thumbnail","hentry","category-actualites","category-monde"],"_links":{"self":[{"href":"https:\/\/ladepeche.mr\/index.php?rest_route=\/wp\/v2\/posts\/12200","targetHints":{"allow":["GET"]}}],"collection":[{"href":"https:\/\/ladepeche.mr\/index.php?rest_route=\/wp\/v2\/posts"}],"about":[{"href":"https:\/\/ladepeche.mr\/index.php?rest_route=\/wp\/v2\/types\/post"}],"author":[{"embeddable":true,"href":"https:\/\/ladepeche.mr\/index.php?rest_route=\/wp\/v2\/users\/2"}],"replies":[{"embeddable":true,"href":"https:\/\/ladepeche.mr\/index.php?rest_route=%2Fwp%2Fv2%2Fcomments&post=12200"}],"version-history":[{"count":1,"href":"https:\/\/ladepeche.mr\/index.php?rest_route=\/wp\/v2\/posts\/12200\/revisions"}],"predecessor-version":[{"id":12202,"href":"https:\/\/ladepeche.mr\/index.php?rest_route=\/wp\/v2\/posts\/12200\/revisions\/12202"}],"wp:featuredmedia":[{"embeddable":true,"href":"https:\/\/ladepeche.mr\/index.php?rest_route=\/wp\/v2\/media\/12201"}],"wp:attachment":[{"href":"https:\/\/ladepeche.mr\/index.php?rest_route=%2Fwp%2Fv2%2Fmedia&parent=12200"}],"wp:term":[{"taxonomy":"category","embeddable":true,"href":"https:\/\/ladepeche.mr\/index.php?rest_route=%2Fwp%2Fv2%2Fcategories&post=12200"},{"taxonomy":"post_tag","embeddable":true,"href":"https:\/\/ladepeche.mr\/index.php?rest_route=%2Fwp%2Fv2%2Ftags&post=12200"}],"curies":[{"name":"wp","href":"https:\/\/api.w.org\/{rel}","templated":true}]}}