{"id":12213,"date":"2024-10-25T23:48:39","date_gmt":"2024-10-25T23:48:39","guid":{"rendered":"https:\/\/ladepeche.mr\/?p=12213"},"modified":"2024-10-25T23:48:39","modified_gmt":"2024-10-25T23:48:39","slug":"iran-plusieurs-fortes-detonations-entendues-a-teheran","status":"publish","type":"post","link":"https:\/\/ladepeche.mr\/?p=12213","title":{"rendered":"Iran: plusieurs \u00abfortes d\u00e9tonations\u00bb entendues \u00e0 T\u00e9h\u00e9ran"},"content":{"rendered":"<p>Une agression isra\u00e9lienne contre l&#8217;Iran semble se dessiner avec l&#8217;\u00e9cho de plusieurs fortes d\u00e9tonation entendues \u00e0 T\u00e9h\u00e9ran, rapportent des sources sur place.<\/p>\n<p>Selon les m\u00e9dias sur place, l&#8217;a\u00e9roport de Mirabad, \u00e0 l&#8217;ouest de T\u00e9h\u00e9ran. La seconde cible est l&#8217;a\u00e9roport international &#8220;Imam Khomeini&#8221;.<\/p>\n<p>L&#8217;agression a \u00e9t\u00e9 officiellement confirm\u00e9e par une radio militaire isra\u00e9lienne. Isra\u00e9l \u00e9voque une dizaine d&#8217;avion de guerre qui auraient men\u00e9 ces attaques alors que l&#8217;Iran d\u00e9ment que des avions aient viol\u00e9 son espace a\u00e9rien. L&#8217;Iran avait avis\u00e9 qu&#8217;elle r\u00e9agirait \u00e0 cette agression<\/p>\n","protected":false},"excerpt":{"rendered":"<p>Une agression isra\u00e9lienne contre l&#8217;Iran semble se dessiner avec l&#8217;\u00e9cho de plusieurs fortes d\u00e9tonation entendues \u00e0 T\u00e9h\u00e9ran, rapportent des sources sur place. Selon les m\u00e9dias sur place, l&#8217;a\u00e9roport de Mirabad, \u00e0 l&#8217;ouest de T\u00e9h\u00e9ran. La seconde cible est l&#8217;a\u00e9roport international &#8220;Imam Khomeini&#8221;. L&#8217;agression a \u00e9t\u00e9 officiellement confirm\u00e9e par une radio militaire isra\u00e9lienne. Isra\u00e9l \u00e9voque une &hellip;<\/p>\n","protected":false},"author":2,"featured_media":12214,"comment_status":"open","ping_status":"open","sticky":false,"template":"","format":"standard","meta":{"footnotes":""},"categories":[18,29],"tags":[],"class_list":["post-12213","post","type-post","status-publish","format-standard","has-post-thumbnail","hentry","category-actualites","category-monde"],"_links":{"self":[{"href":"https:\/\/ladepeche.mr\/index.php?rest_route=\/wp\/v2\/posts\/12213","targetHints":{"allow":["GET"]}}],"collection":[{"href":"https:\/\/ladepeche.mr\/index.php?rest_route=\/wp\/v2\/posts"}],"about":[{"href":"https:\/\/ladepeche.mr\/index.php?rest_route=\/wp\/v2\/types\/post"}],"author":[{"embeddable":true,"href":"https:\/\/ladepeche.mr\/index.php?rest_route=\/wp\/v2\/users\/2"}],"replies":[{"embeddable":true,"href":"https:\/\/ladepeche.mr\/index.php?rest_route=%2Fwp%2Fv2%2Fcomments&post=12213"}],"version-history":[{"count":1,"href":"https:\/\/ladepeche.mr\/index.php?rest_route=\/wp\/v2\/posts\/12213\/revisions"}],"predecessor-version":[{"id":12215,"href":"https:\/\/ladepeche.mr\/index.php?rest_route=\/wp\/v2\/posts\/12213\/revisions\/12215"}],"wp:featuredmedia":[{"embeddable":true,"href":"https:\/\/ladepeche.mr\/index.php?rest_route=\/wp\/v2\/media\/12214"}],"wp:attachment":[{"href":"https:\/\/ladepeche.mr\/index.php?rest_route=%2Fwp%2Fv2%2Fmedia&parent=12213"}],"wp:term":[{"taxonomy":"category","embeddable":true,"href":"https:\/\/ladepeche.mr\/index.php?rest_route=%2Fwp%2Fv2%2Fcategories&post=12213"},{"taxonomy":"post_tag","embeddable":true,"href":"https:\/\/ladepeche.mr\/index.php?rest_route=%2Fwp%2Fv2%2Ftags&post=12213"}],"curies":[{"name":"wp","href":"https:\/\/api.w.org\/{rel}","templated":true}]}}