{"id":12223,"date":"2024-10-26T12:42:56","date_gmt":"2024-10-26T12:42:56","guid":{"rendered":"https:\/\/ladepeche.mr\/?p=12223"},"modified":"2024-10-26T12:42:56","modified_gmt":"2024-10-26T12:42:56","slug":"la-mauritanie-condamne-fermement-lattaque-israelienne-contre-liran","status":"publish","type":"post","link":"https:\/\/ladepeche.mr\/?p=12223","title":{"rendered":"La Mauritanie condamne fermement l\u2019attaque isra\u00e9lienne contre l\u2019Iran"},"content":{"rendered":"<p>La Mauritanie a fermement condamn\u00e9 l\u2019attaque isra\u00e9lienne contre l\u2019Iran, la consid\u00e9rant comme une violation flagrante de la souverainet\u00e9 de ce pays et une atteinte manifeste aux principes du droit international.<\/p>\n<p>C\u2019est ce qui ressort d\u2019un communiqu\u00e9 du minist\u00e8re des Affaires \u00e9trang\u00e8res, de la Coop\u00e9ration africaine et des Mauritaniens de l\u2019Ext\u00e9rieur, dont l\u2019Agence Mauritanienne d\u2019Information a re\u00e7u copie :<\/p>\n<p>\u00ab La R\u00e9publique Islamique de Mauritanie exprime sa ferme condamnation et sa d\u00e9nonciation de l\u2019attaque isra\u00e9lienne contre la R\u00e9publique Islamique d\u2019Iran qu\u2019elle consid\u00e8re comme une violation flagrante de la souverainet\u00e9 de ce pays et une atteinte manifeste aux principes du droit international qui menace la paix et la s\u00e9curit\u00e9 internationales.<\/p>\n<p>La R\u00e9publique Islamique de Mauritanie met en garde contre toute escalade des hostilit\u00e9s dans la r\u00e9gion qui exacerberait les souffrances de ses peuples, notamment en Palestine et au Liban, et r\u00e9it\u00e8re donc son appel \u00e0 la communaut\u00e9 internationale pour un cessez-le-feu imm\u00e9diat et la fin de la trag\u00e9die quotidienne des civils innocents \u00bb.<\/p>\n<p>Ami<\/p>\n","protected":false},"excerpt":{"rendered":"<p>La Mauritanie a fermement condamn\u00e9 l\u2019attaque isra\u00e9lienne contre l\u2019Iran, la consid\u00e9rant comme une violation flagrante de la souverainet\u00e9 de ce pays et une atteinte manifeste aux principes du droit international. C\u2019est ce qui ressort d\u2019un communiqu\u00e9 du minist\u00e8re des Affaires \u00e9trang\u00e8res, de la Coop\u00e9ration africaine et des Mauritaniens de l\u2019Ext\u00e9rieur, dont l\u2019Agence Mauritanienne d\u2019Information a &hellip;<\/p>\n","protected":false},"author":2,"featured_media":12224,"comment_status":"open","ping_status":"open","sticky":false,"template":"","format":"standard","meta":{"footnotes":""},"categories":[18,29],"tags":[],"class_list":["post-12223","post","type-post","status-publish","format-standard","has-post-thumbnail","hentry","category-actualites","category-monde"],"_links":{"self":[{"href":"https:\/\/ladepeche.mr\/index.php?rest_route=\/wp\/v2\/posts\/12223","targetHints":{"allow":["GET"]}}],"collection":[{"href":"https:\/\/ladepeche.mr\/index.php?rest_route=\/wp\/v2\/posts"}],"about":[{"href":"https:\/\/ladepeche.mr\/index.php?rest_route=\/wp\/v2\/types\/post"}],"author":[{"embeddable":true,"href":"https:\/\/ladepeche.mr\/index.php?rest_route=\/wp\/v2\/users\/2"}],"replies":[{"embeddable":true,"href":"https:\/\/ladepeche.mr\/index.php?rest_route=%2Fwp%2Fv2%2Fcomments&post=12223"}],"version-history":[{"count":1,"href":"https:\/\/ladepeche.mr\/index.php?rest_route=\/wp\/v2\/posts\/12223\/revisions"}],"predecessor-version":[{"id":12225,"href":"https:\/\/ladepeche.mr\/index.php?rest_route=\/wp\/v2\/posts\/12223\/revisions\/12225"}],"wp:featuredmedia":[{"embeddable":true,"href":"https:\/\/ladepeche.mr\/index.php?rest_route=\/wp\/v2\/media\/12224"}],"wp:attachment":[{"href":"https:\/\/ladepeche.mr\/index.php?rest_route=%2Fwp%2Fv2%2Fmedia&parent=12223"}],"wp:term":[{"taxonomy":"category","embeddable":true,"href":"https:\/\/ladepeche.mr\/index.php?rest_route=%2Fwp%2Fv2%2Fcategories&post=12223"},{"taxonomy":"post_tag","embeddable":true,"href":"https:\/\/ladepeche.mr\/index.php?rest_route=%2Fwp%2Fv2%2Ftags&post=12223"}],"curies":[{"name":"wp","href":"https:\/\/api.w.org\/{rel}","templated":true}]}}