{"id":1223,"date":"2022-07-25T14:17:33","date_gmt":"2022-07-25T14:17:33","guid":{"rendered":"https:\/\/ladepeche.mr\/?p=1223"},"modified":"2022-07-25T14:17:33","modified_gmt":"2022-07-25T14:17:33","slug":"le-ministre-de-la-culture-le-tir-a-la-cible-est-une-partie-importante-de-notre-patrimoine-culturel-riche-et-diversifie","status":"publish","type":"post","link":"https:\/\/ladepeche.mr\/?p=1223","title":{"rendered":"Le ministre de la Culture: Le tir \u00e0 la cible est une partie importante de notre patrimoine culturel riche et diversifi\u00e9"},"content":{"rendered":"<p>Le ministre de la Culture, de la Jeunesse, des Sports et des Relations avec le Parlement, M. Khatar Ould Cheibani, a supervis\u00e9, samedi soir \u00e0 Tidjikja, le lancement des comp\u00e9titions de tir \u00e0 la cible, organis\u00e9es dans le cadre de la 8eme \u00e9dition du festival des dattes, avec la participation de 10 \u00e9quipes.<\/p>\n<p>Dans un mot prononc\u00e9 pour la circonstance, le ministre a insist\u00e9 sur l&#8217;importance accord\u00e9e par les mauritaniens au tir \u00e0 la cible \u00e0 travers l&#8217;histoire, car consid\u00e9r\u00e9 comme \u00e9tant une une partie du patrimoine culturel national riche et diversifi\u00e9.<\/p>\n<p>Il a soulign\u00e9 la place qu&#8217;occupe le tir \u00e0 la cible en tant qu&#8217;activit\u00e9 sportive, loisir et espace public pour renforcer les relations. Il constitue aussi, a-t-il dit, un important produit touristique qui contribue dans la dynamisation du cycle \u00e9conomique dans les lieux o\u00f9 il est pratiqu\u00e9.<\/p>\n<p>Le ministre a affirm\u00e9 que son d\u00e9partement a toujours apport\u00e9 un appui et un encadrement au tir \u00e0 la cible, soulignant qu&#8217;il a cr\u00e9\u00e9 un comit\u00e9 provisoire multisectoriel pour sa gestion et pour l&#8217;\u00e9laboration des texte juridique l&#8217;organisant.<\/p>\n<p>L&#8217;action de ce comit\u00e9, aboutira, a-t-il not\u00e9, \u00e0 l&#8217;\u00e9lection des instances de cette union dans un proche avenir, affirmant enfin qu&#8217;il n&#8217;\u00e9pargnera aucun effort pour le d\u00e9veloppement des associations sportives.<\/p>\n<p>De son c\u00f4t\u00e9, le maire de Tidjikja, M. Mohamed Ould Biha, a indiqu\u00e9 que cette manifestation sportive donnera une plus grande ampleur au festival des dattes, souhaitant aux organisateurs et aux participants plein succ\u00e8s.<\/p>\n<p>Le coordinateur de cette manifestation sportive, M. Mohamed El Moustapha Ould Mohamed Vall, a, au nom des participants, exprim\u00e9 sa satisfaction de prendre part au festival des dattes, se f\u00e9licitant du r\u00f4le de ce festival dans le d\u00e9veloppement \u00e9conomique de la ville de Tidjikja, avant de louer l&#8217;esprit de discipline dont font font preuve les dix \u00e9quipes participantes.<\/p>\n<p>Par ailleurs, le ministre de la Culture, de la Jeunesse, des Sports et des Relations avec le Parlement a supervis\u00e9 \u00e9galement, samedi soir, le lancement des activit\u00e9s de l&#8217;Amicale des anciens \u00e9l\u00e8ves de l&#8217;\u00e9cole 1 de Tidjikja, ouverte il y a un si\u00e8cle.<\/p>\n<p>Il s&#8217;est f\u00e9licit\u00e9 du r\u00f4le important qu&#8217;ont jou\u00e9 les sortants de cette \u00e9cole dans la fondation de l&#8217;Etat mauritanien, souhaitant plein succ\u00e8s aux membres de cette Amicale.<\/p>\n<p>De son c\u00f4t\u00e9, le porte-parole des sortants de l&#8217;\u00e9cole N\u00b01, le d\u00e9put\u00e9 Jidou Ould Menaba a exprim\u00e9 ses remerciements au ministre pour avoir supervis\u00e9 le lancement des activit\u00e9 de l&#8217;Amicale, avant de pr\u00e9ciser que cette \u00e9cole a pu former de nombreux cadres du pays dont les anciens pr\u00e9sidents les d\u00e9funts Moustapha Ould Mohamed Saleck et Mohamed Mahmoud Ould Ahmed Louly, de m\u00eame que plusieurs ministres.<\/p>\n<p>Il est \u00e0 noter que la c\u00e9r\u00e9monie a \u00e9t\u00e9 en outre l&#8217;occasion pour la distribution de montants d&#8217;argent aux \u00e9l\u00e8ves m\u00e9ritants, aux enseignants et aux professeurs qui se sont distingu\u00e9s cette ann\u00e9e.<\/p>\n<p>Ami<\/p>\n","protected":false},"excerpt":{"rendered":"<p>Le ministre de la Culture, de la Jeunesse, des Sports et des Relations avec le Parlement, M. Khatar Ould Cheibani, a supervis\u00e9, samedi soir \u00e0 Tidjikja, le lancement des comp\u00e9titions de tir \u00e0 la cible, organis\u00e9es dans le cadre de la 8eme \u00e9dition du festival des dattes, avec la participation de 10 \u00e9quipes. Dans un &hellip;<\/p>\n","protected":false},"author":2,"featured_media":1224,"comment_status":"open","ping_status":"open","sticky":false,"template":"","format":"standard","meta":{"footnotes":""},"categories":[15,17],"tags":[],"class_list":["post-1223","post","type-post","status-publish","format-standard","has-post-thumbnail","hentry","category-culture","category-sports"],"_links":{"self":[{"href":"https:\/\/ladepeche.mr\/index.php?rest_route=\/wp\/v2\/posts\/1223","targetHints":{"allow":["GET"]}}],"collection":[{"href":"https:\/\/ladepeche.mr\/index.php?rest_route=\/wp\/v2\/posts"}],"about":[{"href":"https:\/\/ladepeche.mr\/index.php?rest_route=\/wp\/v2\/types\/post"}],"author":[{"embeddable":true,"href":"https:\/\/ladepeche.mr\/index.php?rest_route=\/wp\/v2\/users\/2"}],"replies":[{"embeddable":true,"href":"https:\/\/ladepeche.mr\/index.php?rest_route=%2Fwp%2Fv2%2Fcomments&post=1223"}],"version-history":[{"count":1,"href":"https:\/\/ladepeche.mr\/index.php?rest_route=\/wp\/v2\/posts\/1223\/revisions"}],"predecessor-version":[{"id":1225,"href":"https:\/\/ladepeche.mr\/index.php?rest_route=\/wp\/v2\/posts\/1223\/revisions\/1225"}],"wp:featuredmedia":[{"embeddable":true,"href":"https:\/\/ladepeche.mr\/index.php?rest_route=\/wp\/v2\/media\/1224"}],"wp:attachment":[{"href":"https:\/\/ladepeche.mr\/index.php?rest_route=%2Fwp%2Fv2%2Fmedia&parent=1223"}],"wp:term":[{"taxonomy":"category","embeddable":true,"href":"https:\/\/ladepeche.mr\/index.php?rest_route=%2Fwp%2Fv2%2Fcategories&post=1223"},{"taxonomy":"post_tag","embeddable":true,"href":"https:\/\/ladepeche.mr\/index.php?rest_route=%2Fwp%2Fv2%2Ftags&post=1223"}],"curies":[{"name":"wp","href":"https:\/\/api.w.org\/{rel}","templated":true}]}}