{"id":12249,"date":"2024-10-27T14:21:30","date_gmt":"2024-10-27T14:21:30","guid":{"rendered":"https:\/\/ladepeche.mr\/?p=12249"},"modified":"2024-10-27T14:21:30","modified_gmt":"2024-10-27T14:21:30","slug":"lassociation-des-journalistes-mauritaniens-dal-aqsa-organise-une-conference-en-soutien-a-la-cause-palestinienne","status":"publish","type":"post","link":"https:\/\/ladepeche.mr\/?p=12249","title":{"rendered":"L\u2019Association des journalistes mauritaniens d\u2019Al-Aqsa organise une conf\u00e9rence en soutien \u00e0 la cause palestinienne"},"content":{"rendered":"<p>L\u2019Association des journalistes mauritaniens d\u2019Al-Aqsa a organis\u00e9, samedi \u00e0 Nouakchott, une conf\u00e9rence de soutien \u00e0 la cause palestinienne sous le titre \u00ab La Mauritanie avec la Palestine \u00bb.<\/p>\n<p>\u00c0 travers cette conf\u00e9rence, l\u2019Association cherche \u00e0 condamner les violations contre le peuple palestinien au vu et au su du monde, sans prendre aucun moyen de dissuasion contre l\u2019entit\u00e9 sioniste occupante.<\/p>\n<p>La pr\u00e9sidente de l\u2019Association des journalistes mauritaniens d\u2019Al-Aqsa, Mme Khdeija Mint Al-Mujtaba, a d\u00e9clar\u00e9 que l\u2019Association continuera \u00e0 d\u00e9fendre les violations contre le peuple palestinien, y compris les femmes, les enfants et les si\u00e8ges des organisations internationales auxquelles le peuple a eu recours pour \u00e9chapper \u00e0 la machine \u00e0 tuer isra\u00e9lienne. Elle a ajout\u00e9 que le meurtre de journalistes qui ont document\u00e9 ces violations est la preuve de la l\u00e2chet\u00e9 des forces et de leur crainte que le monde ne voie ce qu\u2019elles font en violation des lois et des documents internationaux qui stipulent que des r\u00e8gles de guerre qui doivent \u00eatre respect\u00e9s.<\/p>\n<p>Pour sa part, M. Saleh Ould Hanana a d\u00e9clar\u00e9 dans un discours au nom des partis politiques, que le b\u00e2ton du martyr Yahya Sinwar restera dans l\u2019esprit de chaque musulman et de chaque \u00eatre humain, soulignant l\u2019importance du d\u00e9luge d\u2019Al-Aqsa pour arr\u00eater les processus de normalisation, et que Ce d\u00e9luge a eu et aura un impact sur la loi et dans le monde entier.<\/p>\n<p>Il a soulign\u00e9 que les massacres et le g\u00e9nocide auxquels sont soumis le peuple palestinien et le peuple libanais resteront une honte pour l\u2019humanit\u00e9 et pour l\u2019ONU, qui est cens\u00e9e maintenir la s\u00e9curit\u00e9 et la paix.<\/p>\n<p>\u00c0 son tour, le dirigrant du Hamas, Oussama Hamad, a remerci\u00e9 Son Excellence le Pr\u00e9sident de la R\u00e9publique, Monsieur Mohamed Ould Cheikh Ghazouani, pour le soutien qu\u2019il apporte au peuple palestinien, ce qui n\u2019est pas surprenant de la part des peuples de Manara et du Ribate, ajoutant que les sacrifices consentis par le peuple palestinien ont ouvert de nouvelles portes du jihad que personne n\u2019imaginait pouvoir ouvrir, car ils ont r\u00e9v\u00e9l\u00e9 la fausset\u00e9 des positions de l\u2019Occident et son soi-disant id\u00e9alisme.<\/p>\n<p>Un film documentaire retra\u00e7ant les peines endur\u00e9es par le peuple palestinien pendant l\u2019agression isra\u00e9lienne a \u00e9galement \u00e9t\u00e9 projet\u00e9 en marge de la conf\u00e9rence.<\/p>\n<p>Ami<\/p>\n","protected":false},"excerpt":{"rendered":"<p>L\u2019Association des journalistes mauritaniens d\u2019Al-Aqsa a organis\u00e9, samedi \u00e0 Nouakchott, une conf\u00e9rence de soutien \u00e0 la cause palestinienne sous le titre \u00ab La Mauritanie avec la Palestine \u00bb. \u00c0 travers cette conf\u00e9rence, l\u2019Association cherche \u00e0 condamner les violations contre le peuple palestinien au vu et au su du monde, sans prendre aucun moyen de dissuasion &hellip;<\/p>\n","protected":false},"author":2,"featured_media":12250,"comment_status":"open","ping_status":"open","sticky":false,"template":"","format":"standard","meta":{"footnotes":""},"categories":[18,29],"tags":[],"class_list":["post-12249","post","type-post","status-publish","format-standard","has-post-thumbnail","hentry","category-actualites","category-monde"],"_links":{"self":[{"href":"https:\/\/ladepeche.mr\/index.php?rest_route=\/wp\/v2\/posts\/12249","targetHints":{"allow":["GET"]}}],"collection":[{"href":"https:\/\/ladepeche.mr\/index.php?rest_route=\/wp\/v2\/posts"}],"about":[{"href":"https:\/\/ladepeche.mr\/index.php?rest_route=\/wp\/v2\/types\/post"}],"author":[{"embeddable":true,"href":"https:\/\/ladepeche.mr\/index.php?rest_route=\/wp\/v2\/users\/2"}],"replies":[{"embeddable":true,"href":"https:\/\/ladepeche.mr\/index.php?rest_route=%2Fwp%2Fv2%2Fcomments&post=12249"}],"version-history":[{"count":1,"href":"https:\/\/ladepeche.mr\/index.php?rest_route=\/wp\/v2\/posts\/12249\/revisions"}],"predecessor-version":[{"id":12251,"href":"https:\/\/ladepeche.mr\/index.php?rest_route=\/wp\/v2\/posts\/12249\/revisions\/12251"}],"wp:featuredmedia":[{"embeddable":true,"href":"https:\/\/ladepeche.mr\/index.php?rest_route=\/wp\/v2\/media\/12250"}],"wp:attachment":[{"href":"https:\/\/ladepeche.mr\/index.php?rest_route=%2Fwp%2Fv2%2Fmedia&parent=12249"}],"wp:term":[{"taxonomy":"category","embeddable":true,"href":"https:\/\/ladepeche.mr\/index.php?rest_route=%2Fwp%2Fv2%2Fcategories&post=12249"},{"taxonomy":"post_tag","embeddable":true,"href":"https:\/\/ladepeche.mr\/index.php?rest_route=%2Fwp%2Fv2%2Ftags&post=12249"}],"curies":[{"name":"wp","href":"https:\/\/api.w.org\/{rel}","templated":true}]}}